{"id":2112,"date":"2021-01-30T21:01:41","date_gmt":"2021-01-30T18:01:41","guid":{"rendered":"http:\/\/www.independenciaideas.com\/?p=2112"},"modified":"2021-06-09T20:05:47","modified_gmt":"2021-06-09T17:05:47","slug":"el-peronismo-que-verdaderamente-existio","status":"publish","type":"post","link":"https:\/\/www.institutoindependencia.com.ar\/?p=2112","title":{"rendered":"El peronismo que verdaderamente existi\u00f3."},"content":{"rendered":"<p><em><strong>Por Julio Fern\u00e1ndez Baraibar.<\/strong><\/em><\/p>\n<p>Hace un par de d\u00edas envi\u00e9 a las redes un mensaje notoriamente provocador. \u201cMuchos se han hecho peronistas de un peronismo que nunca existi\u00f3 tal como se lo plantean\u201d, escrib\u00ed en Facebook y en Twitter. La reflexi\u00f3n estaba motivada en una profusi\u00f3n de mensajes, posteos, chistes, memes, art\u00edculos y editoriales sumamente cr\u00edticos al gobierno de Alberto Fern\u00e1ndez, compar\u00e1ndolo con un peronismo instalado en un nebuloso pasado que tendr\u00eda todas las virtudes y magnificencias de las que, seg\u00fan esta cr\u00edtica, carece el de Fern\u00e1ndez y, por supuesto, ninguno de sus infamantes defectos.<\/p>\n<p>El peronismo real, que gobern\u00f3 al pa\u00eds entre 1945 y 1955, as\u00ed como el movimiento al que dio origen y que tuvo como eje articulador de toda su pol\u00edtica al general Juan Domingo Per\u00f3n, tuvo como programa permanente la instauraci\u00f3n en la Argentina de un capitalismo aut\u00f3nomo, autocentrado, que convirtiese la renta diferencial del r\u00e9gimen agroexportador en plusval\u00eda industrial, en f\u00e1bricas y trabajadores, asalariados y sindicalizados. Para lograr ese objetivo debi\u00f3 reunir en un solo gran movimiento al conjunto de sectores sociales, fuerzas y dirigentes pol\u00edticos enfrentados al viejo r\u00e9gimen que llamaremos agroexportador, para centrarnos en su aspecto econ\u00f3mico, y que fue conocido tradicionalmente como \u201coligarqu\u00eda\u201d. Este variopinto conglomerado constituy\u00f3 el frente nacional que gobern\u00f3, no sin contradicciones, enfrentamientos internos, avances, retrocesos, grandes aciertos y profundos errores entre 1945 y 1955. Hemos escrito en un art\u00edculo posterior a la derrota del 2015, (<a href=\"https:\/\/fernandezbaraibar.blogspot.com\/2016\/04\/el-peronismo-el-albatros-del-poder.html\">\u201cEl Peronismo, el albatros del poder\u201d<\/a>) lo siguiente:<\/p>\n<p><i>\u201cDesde el poder, Juan Domingo Per\u00f3n organiz\u00f3 ese amplio frente nacional que comenz\u00f3 a llamarse peronismo, y que se nutr\u00eda de figuras pol\u00edticas provenientes del conservadorismo -H\u00e9ctor J. C\u00e1mpora, el general Filomeno Velazco, H\u00e9ctor Sustaita Seever, para dar algunos ejemplos- del socialismo -\u00c1ngel Borlenghi, Juan Atilio Bramuglia, Juan Unamuno, entre otros-, del radicalismo -todo el forjismo encabezado por Arturo Jauretche, m\u00e1s el propio vicepresidente Hortensio Quijano-, nacionalistas cat\u00f3licos -el ejemplo arquet\u00edpico es el escritor y poeta Leopoldo Marechal, pero tambi\u00e9n el padre Hern\u00e1n Ben\u00edtez, los hermanos Mu\u00f1oz Azpiri, Juan Cooke, Jos\u00e9 Mar\u00eda Rosa, etc-, stalinistas y trostquistas. Todos ellos fueron disolviendo sus antiguas pertenencias partidarias para integrar lo que finalmente fue el Partido Peronista.<\/i><\/p>\n<p>Lo caracter\u00edstico y novedoso fue el amplio espectro pol\u00edtico, econ\u00f3mico e ideol\u00f3gico de ese nuevo movimiento. Desde el movimiento obrero hasta los nuevos empresarios, desde sectores vinculados a la producci\u00f3n agropecuaria hasta industriales navieros, desde notorios masones a cat\u00f3licos declarados y militantes, desde resonantes apellidos de las desva\u00eddas aristocracias provinciales hasta los hijos de \u00e1rabes y jud\u00edos que en las provincias, sobre todo del NOA, iban conformando una nueva burgues\u00eda, todos los sectores enfrentados al viejo pa\u00eds agroexportador, al privilegio olig\u00e1rquico tuvieron su lugar en el Arca de No\u00e9 que fue siempre el peronismo\u201d.<\/p>\n<p>Ese conglomerado, insisto, tuvo notables y hasta heroicas figuras, como el santiague\u00f1o Ram\u00f3n Carrillo, muerto en el exilio, trabajando como un an\u00f3nimo m\u00e9dico en un hospital de provincia, hombres y mujeres que sufrieron estoicamente la persecuci\u00f3n, la calumnia y la c\u00e1rcel. Y tambi\u00e9n tuvo enriquecidos traficantes de permisos de importaci\u00f3n, funcionarios venales, diputados marrulleros y hasta un vicepresidente que se convirti\u00f3, para los militantes peronistas, como consecuencia de sus delaciones y mentiras ante la dictadura de Aramburu y Rojas, en \u201cEl Cantor de las Cosas Nuestras\u201d, como se lo conoc\u00eda al popular Antonio Tormo.<\/p>\n<p>Ese peronismo hist\u00f3rico aisl\u00f3, a partir de 1951, a Jauretche y a todos sus amigos forjistas, funcionarios del gobierno de la provincia de Buenos Aires encabezado por el general Mercante y manten\u00eda preso al escritor y periodista Alfredo Varela, mientras Hugo del Carril filmaba su obra cumbre \u201cLas aguas bajan turbias\u201d, basada en su novela.<\/p>\n<p>Per\u00f3n despleg\u00f3 a lo largo de todo su gobierno la idea, que de alguna manera hab\u00eda heredado de su profesor, el general justista Jos\u00e9 Mar\u00eda Sarobe, sobre la alianza estrat\u00e9gica con el Brasil como mecanismo integrador del continente. Para ello llev\u00f3 a cabo una pol\u00edtica de acercamiento a los diversos pa\u00edses latinoamericanos. En ese marco, el viernes 10 de octubre de 1953, el general Anastasio Somoza Garc\u00eda -el sangriento dictador de Nicaragua, asesino del general Augusto Sandino- aterriz\u00f3 en el aeroparque de Buenos Aires, al frente de una comitiva de m\u00e1s de 100 personas, entre familiares y funcionarios de su gobierno. El propio presidente argentino fue personalmente a recibirlo, junto al canciller Jer\u00f3nimo Remorino. Ambos mandatarios vest\u00edan uniforme militar, con botas de ca\u00f1a alta, y en el caso de Somoza con charreteras y entorchados de gala, como cuenta la cr\u00f3nica period\u00edstica.<\/p>\n<p>Nacionaliz\u00f3 los ferrocarriles. Y a todos ellos los rebautiz\u00f3 con nombres tomados del pante\u00f3n de la historia mitrista: Mitre, Sarmiento, Urquiza se llamaron las l\u00edneas de los ferrocarriles argentinos. No mencion\u00e9 el Roca, porque quiz\u00e1s sea ese el que m\u00e1s merecido tiene su nombre.<\/p>\n<p>Jorge Abelardo Ramos publica, a sus 30 a\u00f1os, \u201cAm\u00e9rica Latina, un pa\u00eds\u201d, su primer esbozo de revisionismo hist\u00f3rico marxista. Una comisi\u00f3n investigadora, presidida por el diputado de origen conservador Jos\u00e9 Emilio Visca, secuestra la edici\u00f3n del libro impidiendo su distribuci\u00f3n en librer\u00edas.<\/p>\n<p>As\u00ed de complejo fue ese peronismo real y concreto. La revoluci\u00f3n nacional, la creaci\u00f3n de un pa\u00eds capitalista soberano, con pleno empleo y trabajadores bien pagos, bull\u00eda en su interior y le daba el car\u00e1cter transformador que lo ha convertido en el \u00fanico movimiento pol\u00edtico que, nacido al calor de la segunda posguerra, ha sobrevivido golpes de estado, proscripciones, c\u00e1rceles, exilios, fusilamientos, desapariciones y asesinatos de todo tipo.<\/p>\n<p>Pero no era definitivamente esa utop\u00eda sin fisuras ni contradicciones a la que parece que se hubieran convertido algunos compatriotas que, frente a las dificultades del presente, lo evocan como un para\u00edso sin sufrimientos.<\/p>\n<p>Ni siquiera el gobierno de N\u00e9stor Kirchner careci\u00f3 de esas contradicciones. La menci\u00f3n de Mart\u00edn Redrado como presidente del Banco Central o el desatinado enfrentamiento con el Uruguay a ra\u00edz de la instalaci\u00f3n de plantas pasteras cercanas a Fray Bentos son dos ejemplos escritos a vuelapluma. El conflicto con el Uruguay tuvo en algunos momentos ribetes dram\u00e1ticos y dur\u00f3 desde 2005 hasta 2010 y la posici\u00f3n argentina fue err\u00f3nea en todo momento y en cada una de sus instancias. Sin embargo, nada de ello imped\u00eda que por encima de esos errores -porque no es cierto que la alternativa fuese Redrado o el flaco Kunkel, como con sorna plante\u00f3 el presidente Kirchner- lat\u00eda la recuperaci\u00f3n del programa original, industrializador, igualitarista, de justicia social del movimiento nacional.<\/p>\n<p>Lo que intento sostener con estas consideraciones hist\u00f3ricas es lo mismo que viene sosteniendo Gabriel Fern\u00e1ndez en sus casi diarias reflexiones.<\/p>\n<p>En mi opini\u00f3n, el triunfo electoral por un 48 % de los votos a la f\u00f3rmula Fern\u00e1ndez y Fern\u00e1ndez se debi\u00f3, en gran parte, al terrible fracaso de la pol\u00edtica econ\u00f3mica de Mauricio Macri, a la descontrolada inflaci\u00f3n, al deterioro del nivel de vida popular, al cierre de miles de peque\u00f1as y medianas empresas y a la consecuente desocupaci\u00f3n. Es decir, se vot\u00f3 mayoritariamente contra una posible reelecci\u00f3n de macri y sus pol\u00edticas. Esto implica que no se vot\u00f3 por un programa econ\u00f3mico determinado, que ni siquiera fue explicitado puntualmente en la campa\u00f1a, sino para sacar de la Casa Rosada a un gobierno que la mayor\u00eda del electorado consideraba insoportable.<\/p>\n<p>S\u00f3lo un relativamente peque\u00f1o n\u00famero de electores votaron por propuestas del tipo aumento de las retenciones, nacionalizaci\u00f3n del comercio exterior, nacionalizaci\u00f3n de los dep\u00f3sitos bancarios o medidas semejantes. No discutimos ac\u00e1 la validez o necesidad de ese tipo de medidas, sino lo que se vot\u00f3. A punto tal no se vot\u00f3 ese rango de medidas que el candidato presidencial fue Alberto Fern\u00e1ndez y no CFK, quien de una u otra manera podr\u00eda ser relacionada con un programa de esas caracter\u00edsticas. Y fue Alberto Fern\u00e1ndez porque, justamente, CFK consider\u00f3 que su propia candidatura no lograr\u00eda el n\u00famero suficiente para ganar en primera vuelta, descontando que en un balotaje ser\u00eda perdedora.<\/p>\n<p>Esa decisi\u00f3n no fue simplemente t\u00e1ctica, fue una decisi\u00f3n estrat\u00e9gica. Implic\u00f3 un cambio de concepto general que significaba el desarrollo de una pol\u00edtica que lograse implicar un amplio conjunto de sectores con distintos grados de enfrentamiento al bloque del macrismo.<\/p>\n<p>El gobierno est\u00e1 llevando a cabo, con enormes dificultades, su compromiso electoral. Soluciones urgentes a los sectores socialmente m\u00e1s castigados y vulnerables, negociar en esas condiciones con los acreedores privados y el FMI, intentar con los mecanismos a su alcance, es decir por m\u00e9todos consensuados, detener la inflaci\u00f3n y generar nuevamente las condiciones para un crecimiento del mercado interno, como dinamizador de la econom\u00eda real.<\/p>\n<p>Todo esto, rodeado de gobiernos hostiles, con un frente pol\u00edtico variopinto y dis\u00edmil, con una debilidad enorme del estado nacional, sin FF.AA. y con una clase dominante miserable y cortoplacista que solo quiere que no le toquen la parte del le\u00f3n que se ha venido llevando todos estos cuatro a\u00f1os.<\/p>\n<p>Y en medio de todas esas gigantescas dificultades se desat\u00f3 la pandemia mas letal que se haya cernido sobre el conjunto de la humanidad desde la mal llamada gripe espa\u00f1ola de 1919, pero con efectos a\u00fan m\u00e1s universales. La econom\u00eda del mundo se paraliz\u00f3. Todo el sistema sanitario que el macrismo hab\u00eda desfinanciado y abandonado se puso en crisis. Sobre una situaci\u00f3n in\u00e9dita en t\u00e9rminos absolutos, es decir imposible de encontrar una experiencia previa a la que recurrir, Alberto Fern\u00e1ndez y sus colaboradores volcaron dinero sobre el consumo para evitar situaciones de desesperaci\u00f3n social, se ayud\u00f3 a las empresas a pagar los sueldos, se ayud\u00f3 al reequipamiento sanitario, se aprob\u00f3 y sancion\u00f3 un impuesto extraordinario a la riqueza, se logr\u00f3 la provisi\u00f3n de todas las vacunas que est\u00e1n en condiciones de controlar la pandemia y se comenz\u00f3 a vacunar.<\/p>\n<p>Y adem\u00e1s Alberto Fern\u00e1ndez ha llevado adelante una pol\u00edtica latinoamericana e internacional en la mejor tradici\u00f3n del yrigoyenismo y del peronismo. El papel jugado en la recuperaci\u00f3n democr\u00e1tica en Bolivia, el viaje a Chile y el discurso ante el presidente Pi\u00f1era, su exposici\u00f3n en la CLACSO y ante el Foro de Davos est\u00e1n inspirados en lo mejor de la tradici\u00f3n diplom\u00e1tica nacional.<\/p>\n<p>Quien no comprenda la dificultad profunda e insalvable del momento y lance consignas tremendistas y abstractas, sin los mecanismos pol\u00edticos para llevarlas a cabo, solamente contribuye -por decirlo livianamente- a hacer a\u00fan m\u00e1s dif\u00edcil el fortalecimiento pol\u00edtico de un gobierno, al que un peque\u00f1o sector financiero y agrario se lo quieren llevar puesto. La verdad es siempre concreta dice un proverbio hegeliano. El pasado debe inspirarnos para que nuestro presente se integre al cauce hist\u00f3rico del pueblo argentino, pero no para refugiarnos en situaciones id\u00edlicas y perfectas que nunca ocurrieron<\/p>\n<p>En mi humilde opini\u00f3n, la militancia en su conjunto del Frente de Todos tiene una sola misi\u00f3n: hacer todo lo que est\u00e9 a su alcance para ganar en las pr\u00f3ximas elecciones por la mayor cantidad de votos posibles. Dejar a esta oposici\u00f3n miserable, irresponsable y, en algunos casos, criminal el menor espacio pol\u00edtico posible en las legislaturas de todo el pa\u00eds y en el Congreso Nacional. Para ello siguen siendo necesarias las dos gigantescas alas de nuestro albatros que, afortunadamente y por voluntad de nuestro pueblo, vuelve a surcar los aires australes.<\/p>\n<p>Buenos Aires, 29 de Enero de 2021.<\/p>\n","protected":false},"excerpt":{"rendered":"<p>Por Julio Fern\u00e1ndez Baraibar. Hace un par de d\u00edas envi\u00e9 a las redes un mensaje notoriamente provocador. \u201cMuchos se han hecho peronistas de un peronismo<\/p>\n","protected":false},"author":6,"featured_media":2311,"comment_status":"open","ping_status":"open","sticky":false,"template":"","format":"standard","meta":{"_mi_skip_tracking":false},"categories":[34],"tags":[],"_links":{"self":[{"href":"https:\/\/www.institutoindependencia.com.ar\/index.php?rest_route=\/wp\/v2\/posts\/2112"}],"collection":[{"href":"https:\/\/www.institutoindependencia.com.ar\/index.php?rest_route=\/wp\/v2\/posts"}],"about":[{"href":"https:\/\/www.institutoindependencia.com.ar\/index.php?rest_route=\/wp\/v2\/types\/post"}],"author":[{"embeddable":true,"href":"https:\/\/www.institutoindependencia.com.ar\/index.php?rest_route=\/wp\/v2\/users\/6"}],"replies":[{"embeddable":true,"href":"https:\/\/www.institutoindependencia.com.ar\/index.php?rest_route=%2Fwp%2Fv2%2Fcomments&post=2112"}],"version-history":[{"count":2,"href":"https:\/\/www.institutoindependencia.com.ar\/index.php?rest_route=\/wp\/v2\/posts\/2112\/revisions"}],"predecessor-version":[{"id":2114,"href":"https:\/\/www.institutoindependencia.com.ar\/index.php?rest_route=\/wp\/v2\/posts\/2112\/revisions\/2114"}],"wp:featuredmedia":[{"embeddable":true,"href":"https:\/\/www.institutoindependencia.com.ar\/index.php?rest_route=\/wp\/v2\/media\/2311"}],"wp:attachment":[{"href":"https:\/\/www.institutoindependencia.com.ar\/index.php?rest_route=%2Fwp%2Fv2%2Fmedia&parent=2112"}],"wp:term":[{"taxonomy":"category","embeddable":true,"href":"https:\/\/www.institutoindependencia.com.ar\/index.php?rest_route=%2Fwp%2Fv2%2Fcategories&post=2112"},{"taxonomy":"post_tag","embeddable":true,"href":"https:\/\/www.institutoindependencia.com.ar\/index.php?rest_route=%2Fwp%2Fv2%2Ftags&post=2112"}],"curies":[{"name":"wp","href":"https:\/\/api.w.org\/{rel}","templated":true}]}}