{"id":2173,"date":"2021-03-02T20:44:34","date_gmt":"2021-03-02T17:44:34","guid":{"rendered":"http:\/\/www.independenciaideas.com\/?p=2173"},"modified":"2021-03-03T02:52:37","modified_gmt":"2021-03-02T23:52:37","slug":"redaccion-rosario-daniela-bambill-a-la-violencia-de-bullrich-le-decimos-nunca-mas","status":"publish","type":"post","link":"https:\/\/www.institutoindependencia.com.ar\/?p=2173","title":{"rendered":"REDACCI\u00d3N ROSARIO \u00abDaniela Bambill: \u201cA la violencia de Bullrich le decimos nunca m\u00e1s\u201d\u00bb"},"content":{"rendered":"<p>Este lunes desde el Instituto Independencia denunciaron a la exministra de Seguridad del macrismo, Patricia Bullrich; y otros referentes del PRO \u00a0por presunta \u201cincitaci\u00f3n a la violencia colectiva y apolog\u00eda del crimen\u201d a ra\u00edz de los episodios de la marcha opositora del \u00faltimo s\u00e1bado, entre ellos la colocaci\u00f3n de bolsas de residuos simulando bolsas mortuorias con cad\u00e1veres en Plaza de Mayo.<\/p>\n<p>En la presentaci\u00f3n se hizo referencia a la marcha realizada el s\u00e1bado \u00faltimo contra la llamada \u201cvacunaci\u00f3n VIP\u201d contra el coronavirus y que fuera convocada por \u201cun grupo de referentes de la oposici\u00f3n nucleados en torno a la agrupaci\u00f3n pol\u00edtica PRO, J\u00f3venes Republicanos y sectores del movimiento ultra liberal\u201d en Plaza de Mayo, Quinta de Olivos y otros puntos de reuni\u00f3n.<\/p>\n<p>\u201cLa inserci\u00f3n de aquellos nombres representa una clara amenaza al sistema democr\u00e1tico y no debe tolerarse como forma v\u00e1lida de aglutinar apoyos entre nuestros conciudadanos\u201d, remarc\u00f3 la denuncia.<\/p>\n<p>\u00abLa inserci\u00f3n de aquellos nombres representa una clara amenaza al sistema democr\u00e1tico y no debe tolerarse como forma v\u00e1lida de aglutinar apoyos entre nuestros conciudadanos\u00bb, remarc\u00f3 la denuncia.<\/p>\n<p>Los denunciados son Patricia Bullrich, los diputados Fernando Iglesias (PRO-CABA) y Waldo Wolff (PRO-Buenos Aires), m\u00e1s Ulises Chaparro, In\u00e9s Liendo, Francisco S\u00e1nchez, Mart\u00edn Pugliese y \u201ctodo aquel que surja a ra\u00edz del desarrollo de la presente investigaci\u00f3n\u201d, se\u00f1ala el texto.<\/p>\n<p>La denuncia fue presentada por el Instituto Independencia que integran Daniela Bambill, Julio Fern\u00e1ndez Baraibar, Ra\u00fal Araujo, Felisa Miceli y Mariano Pinedo, y result\u00f3 sorteada en el juzgado federal 6 a cargo de Mar\u00eda Eugenia Capuchetti, informaron fuentes judiciales.<\/p>\n<p>En di\u00e1logo con Redacci\u00f3n Rosario, Daniela Bambill indic\u00f3 que \u201ca este discurso violento en espiral es necesario ponerle un coto. Las im\u00e1genes me recuerdan a los vuelos de la muerte de la dictadura, no podemos bajo ning\u00fan punto de vista naturalizar esto\u201d y a\u00f1adi\u00f3: \u201cA nosotros la democracia nos cost\u00f3 sangre y fuego, much\u00edsimos muertos. Este pueblo es un pueblo de paz. Por eso\u00a0 aA la violencia de Bullrich le decimos nunca m\u00e1s\u201d.<\/p>\n<p>Adem\u00e1s, la representante del Instituto Independencia remarc\u00f3 por \u00faltimo que \u201clejos de pedir disculpas, la oposici\u00f3n redobla la apuesta en la violencia. Es un discurso que incita permanentemente al odio. El s\u00e1bado, todo lo que se vio como `parte del folcklore` ha pasado a pas\u00f3 a los hechos y se ha \u00a0traspasado un l\u00edmite en las reglas del juego de la democracia. Por eso \u201chemos decidido pasar a la acci\u00f3n y dejar simplemente las declaraciones de repudio\u201d.<\/p>\n<p>&nbsp;<\/p>\n<p><a href=\"https:\/\/redaccionrosario.com\/2021\/03\/01\/daniela-bambill-a-la-violencia-de-bullrich-le-decimos-nunca-mas\/\">MIR\u00c1 LA NOTA HACIENDO CLICK AC\u00c1<\/a><\/p>\n","protected":false},"excerpt":{"rendered":"<p>Este lunes desde el Instituto Independencia denunciaron a la exministra de Seguridad del macrismo, Patricia Bullrich; y otros referentes del PRO \u00a0por presunta \u201cincitaci\u00f3n a<\/p>\n","protected":false},"author":6,"featured_media":0,"comment_status":"open","ping_status":"open","sticky":false,"template":"","format":"standard","meta":{"_mi_skip_tracking":false},"categories":[35],"tags":[],"_links":{"self":[{"href":"https:\/\/www.institutoindependencia.com.ar\/index.php?rest_route=\/wp\/v2\/posts\/2173"}],"collection":[{"href":"https:\/\/www.institutoindependencia.com.ar\/index.php?rest_route=\/wp\/v2\/posts"}],"about":[{"href":"https:\/\/www.institutoindependencia.com.ar\/index.php?rest_route=\/wp\/v2\/types\/post"}],"author":[{"embeddable":true,"href":"https:\/\/www.institutoindependencia.com.ar\/index.php?rest_route=\/wp\/v2\/users\/6"}],"replies":[{"embeddable":true,"href":"https:\/\/www.institutoindependencia.com.ar\/index.php?rest_route=%2Fwp%2Fv2%2Fcomments&post=2173"}],"version-history":[{"count":1,"href":"https:\/\/www.institutoindependencia.com.ar\/index.php?rest_route=\/wp\/v2\/posts\/2173\/revisions"}],"predecessor-version":[{"id":2174,"href":"https:\/\/www.institutoindependencia.com.ar\/index.php?rest_route=\/wp\/v2\/posts\/2173\/revisions\/2174"}],"wp:attachment":[{"href":"https:\/\/www.institutoindependencia.com.ar\/index.php?rest_route=%2Fwp%2Fv2%2Fmedia&parent=2173"}],"wp:term":[{"taxonomy":"category","embeddable":true,"href":"https:\/\/www.institutoindependencia.com.ar\/index.php?rest_route=%2Fwp%2Fv2%2Fcategories&post=2173"},{"taxonomy":"post_tag","embeddable":true,"href":"https:\/\/www.institutoindependencia.com.ar\/index.php?rest_route=%2Fwp%2Fv2%2Ftags&post=2173"}],"curies":[{"name":"wp","href":"https:\/\/api.w.org\/{rel}","templated":true}]}}