{"id":2268,"date":"2021-05-26T23:01:04","date_gmt":"2021-05-26T20:01:04","guid":{"rendered":"http:\/\/www.independenciaideas.com\/?p=2268"},"modified":"2021-06-03T20:39:56","modified_gmt":"2021-06-03T17:39:56","slug":"los-desafios-del-peronismo-en-las-proximas-elecciones","status":"publish","type":"post","link":"https:\/\/www.institutoindependencia.com.ar\/?p=2268","title":{"rendered":"Los desaf\u00edos del peronismo en las pr\u00f3ximas elecciones"},"content":{"rendered":"<p><em><strong>Por Julio Fern\u00e1ndez Baraibar*, <\/strong><\/em><strong>en \u00abRevista Movimiento N\u00b032\u00bb, Mayo de 2021.<\/strong><\/p>\n<p style=\"text-align: right;\"><em>Moreno, voy a decir,<\/em><\/p>\n<p style=\"text-align: right;\"><em>sig\u00fan mi saber alcanza:<\/em><\/p>\n<p style=\"text-align: right;\"><em>el tiempo solo es tardanza<\/em><\/p>\n<p style=\"text-align: right;\"><em>de lo que est\u00e1 por venir<\/em><\/p>\n<p style=\"text-align: right;\"><strong><em>Mart\u00edn Fierro<\/em><\/strong><\/p>\n<p>As\u00ed le responde Fierro al envite que le hace el Moreno, en la c\u00e9lebre payada, en la segunda parte del poema nacional, en la parte del reencuentro con los hijos y el hermano del viejo enemigo, cuya muerte lo hab\u00eda arrastrado hasta el desierto y las tolder\u00edas.<\/p>\n<p>Lo que est\u00e1 por venir, en medio de una peste como el mundo no conoc\u00eda desde los finales de la Primera Guerra Mundial, son las elecciones de medio tiempo, donde ser\u00e1n reemplazados los diputados electos en las elecciones de 2017, cuando la actual oposici\u00f3n liberal y ap\u00e1trida obtuvo un importante \u00e9xito. Si el Frente de Todos logra mejorar los resultados de las elecciones presidenciales y obtener una mayor\u00eda m\u00e1s c\u00f3moda en la C\u00e1mara de Diputados, nuestro gobierno podr\u00e1 revertir una relaci\u00f3n de fuerzas parlamentarias que, de alguna manera, ha servido para ralentar y, en algunos casos, inmovilizar sus iniciativas. Este es, a mi modo de ver, el objetivo t\u00e1ctico principal de la pr\u00f3xima contienda.<\/p>\n<p>Toda especulaci\u00f3n, toda discusi\u00f3n program\u00e1tica, toda otra tensi\u00f3n en el seno de nuestra alianza de gobierno est\u00e1 supeditada a este objetivo. Estoy convencido que la dirigencia de los distintos sectores que componen la coalici\u00f3n de gobierno han sido conscientes acerca de la imprescindible unidad. En todos los chisporroteos generados alrededor, sobre todo, de la dif\u00edcil situaci\u00f3n econ\u00f3mica, de los aumentos de precios, por un lado, y de tarifas, por el otro, lo que ha sido evidente es que las discusiones en el seno del gobierno han girado acerca de distintas respuestas t\u00e9cnicas y pol\u00edticas a esa situaci\u00f3n y no alrededor de intentos, de alg\u00fan sector de la coalici\u00f3n, de avanzar sobre los espacios de los otros sectores. Ha sido respetada en todo momento la l\u00f3gica de una coalici\u00f3n pol\u00edtica de gobierno. Y en el momento m\u00e1s \u00e1lgido de la ofensiva opositora \u2013la irresponsable sentencia de la Corte Suprema de Justicia desautorizando razonables medidas de emergencia del Poder Ejecutivo Nacional- la respuesta tranquilizadora fue la aparici\u00f3n en un acto p\u00fablico de los distintos dirigentes del oficialismo en un discurso coincidente. M\u00e1s all\u00e1 de los intentos divisionistas de la oposici\u00f3n medi\u00e1tica, que da espacio y ampl\u00eda la vocingler\u00eda agitativa ideol\u00f3gica del showman Mario Moreno o el reflorecido rencor de Florencio Randazzo, no hay en el horizonte amenazas secesionistas que puedan hacer un rumbo en la nave Frente de Todos. En lo profundo de la sociedad argentina, m\u00e1s all\u00e1 de las inmensas dificultades econ\u00f3micas, el peronismo, el Frente de Todos y Alberto Fern\u00e1ndez contin\u00faan recibiendo la adhesi\u00f3n y el apoyo. Y contra las agoreras jeremiadas de la oposici\u00f3n, la campa\u00f1a de vacunaci\u00f3n ha sido y sigue siendo ejemplar. La Provincia de Buenos y, sobre todo, el \u00c1rea Metropolitana eran una prueba de fuerza para el gobierno, tanto nacional como, con mayor raz\u00f3n, provincial. Y los resultados deben ser considerados como una verdadera victoria pol\u00edtica, organizativa y de gesti\u00f3n. El pueblo argentino es consciente de esto e imagina, porque lo vivi\u00f3 m\u00e1s duramente que nadie, c\u00f3mo hubiera sido la situaci\u00f3n de gobernar la actual oposici\u00f3n.<\/p>\n<p>La unidad, entonces, es el mecanismo t\u00e1ctico capaz de garantizar un triunfo en las elecciones de septiembre.<\/p>\n<p>El otro objetivo, que tiene un alcance estrat\u00e9gico, es, a mi entender, lograr un crecimiento significativo de los votos del Frente de Todos en la Ciudad de Buenos Aires, que permita avizorar un triunfo en las elecciones del 2023, donde se elegir\u00e1 un nuevo Jefe de Gobierno. Reconquistar de alguna manera la conducci\u00f3n pol\u00edtica de la ciudad de Buenos Aires tiene la misma importancia que tuviera, en 1880, el triunfo de las fuerzas nacionales sobre las porte\u00f1as comandadas por Carlos Tejedor, en la Batalla de los Corrales. La, a mi entender, nefasta autonom\u00eda otorgada a la Capital Federal, en la reforma constitucional de 1994, se ha convertido en un caballo de Troya contra cualquier pol\u00edtica de recuperaci\u00f3n nacional. El sue\u00f1o h\u00famedo del establishment econ\u00f3mico y financiero radicado en la ciudad es generar las condiciones de una peque\u00f1a ciudad estado \u2013Singapur o Liechtenstein-, un mini Uruguay, sin campa\u00f1a, refugio de dinero en negro, para\u00edso fiscal y guarida de cuentas off shore. Buenos Aires debe ser recuperada. Constituye el gobierno de mayor presupuesto y la ciudad de menor \u00edndice de pobreza per capita del pa\u00eds. Los sucesivos gobiernos del PRO solo han favorecido al negocio inmobiliario sin haber realizado la m\u00e1s m\u00ednima inversi\u00f3n en infraestructura, omisi\u00f3n hecha de las v\u00edas de transporte colectivo, pomposamente llamadas Metrobus y un florecimiento repentino de canteros y maceteros gigantes en las esquinas, sin ninguna utilidad pr\u00e1ctica. Ni subterr\u00e1neos, ni pasos a nivel, ni escuelas ni hospitales, ni obras de urbanizaci\u00f3n, desag\u00fce, agua y electricidad. Toda la gesti\u00f3n de catorce a\u00f1os se ha reducido a un puro maquillaje, que solo ha beneficiado al sistema empresarial amigo de contratistas y a especuladores inmobiliarios, por un lado, y a incrementar silenciosa pero ininterrumpidamente la desconexi\u00f3n de la Capital Federal, sede del gobierno nacional, del conjunto de las leyes del pa\u00eds.<\/p>\n<p>El manejo de la pandemia dej\u00f3 expuesta la fragilidad y evanescencia de la gesti\u00f3n, sospechosa de todo tipo de corrupci\u00f3n administrativa. La jurisdicci\u00f3n m\u00e1s rica del pa\u00eds se desentendi\u00f3 abiertamente de las dificultades generadas por las medidas dirigidas a controlar la dispersi\u00f3n del virus. No hubo ni hay a futuro planes de apoyo a las distintas \u00e1reas de la actividad comercial e industrial perjudicada por el Coronavirus. Mientras que provincias de menores recursos fiscales, como Formosa, han creado l\u00edneas de apoyo a productores y trabajadores afectados por los cierres preventivos, la Reina del Plata se ha desentendido completamente de sus \u201cs\u00fabditos\u201d. Y ha intentado convertir esa desatenci\u00f3n en rebeld\u00eda al \u201cautoritarismo\u201d del gobierno nacional que se ha hecho cargo tanto de las medidas responsables para controlar la pandemia, como de los necesarios apoyos econ\u00f3micos a los sectores perjudicados.<\/p>\n<p>Las pr\u00f3ximas elecciones deben tener para los peronistas el objetivo local de aumentar la representatividad en la legislatura porte\u00f1a del Frente de Todos y generar las condiciones para que un candidato del Frente triunfe en el 2023.<\/p>\n<p>Si estos dos objetivos se logran, la Argentina podr\u00e1 continuar y desplegar las pol\u00edticas nacionales y populares que han caracterizado a nuestros gobiernos desde el 2003. Y entonces completar la definici\u00f3n del Mart\u00edn Fierro sobre el tiempo:<\/p>\n<p><em>\u201cy si el hombre lo divide<\/em><\/p>\n<p><em>s\u00f3lo lo hace en mi sentir<\/em><\/p>\n<p><em>por saber lo que ha vivido<\/em><\/p>\n<p><em>o le resta por vivir\u201d.<\/em><em>l<\/em><\/p>\n<p>Buenos Aires, 10 de mayo de 2021.<\/p>\n<p>* El autor es Director Acad\u00e9mico del Instituto Independencia<\/p>\n","protected":false},"excerpt":{"rendered":"<p>Por Julio Fern\u00e1ndez Baraibar*, en \u00abRevista Movimiento N\u00b032\u00bb, Mayo de 2021. Moreno, voy a decir, sig\u00fan mi saber alcanza: el tiempo solo es tardanza de<\/p>\n","protected":false},"author":6,"featured_media":2280,"comment_status":"open","ping_status":"open","sticky":false,"template":"","format":"standard","meta":{"_mi_skip_tracking":false},"categories":[34],"tags":[],"_links":{"self":[{"href":"https:\/\/www.institutoindependencia.com.ar\/index.php?rest_route=\/wp\/v2\/posts\/2268"}],"collection":[{"href":"https:\/\/www.institutoindependencia.com.ar\/index.php?rest_route=\/wp\/v2\/posts"}],"about":[{"href":"https:\/\/www.institutoindependencia.com.ar\/index.php?rest_route=\/wp\/v2\/types\/post"}],"author":[{"embeddable":true,"href":"https:\/\/www.institutoindependencia.com.ar\/index.php?rest_route=\/wp\/v2\/users\/6"}],"replies":[{"embeddable":true,"href":"https:\/\/www.institutoindependencia.com.ar\/index.php?rest_route=%2Fwp%2Fv2%2Fcomments&post=2268"}],"version-history":[{"count":2,"href":"https:\/\/www.institutoindependencia.com.ar\/index.php?rest_route=\/wp\/v2\/posts\/2268\/revisions"}],"predecessor-version":[{"id":2358,"href":"https:\/\/www.institutoindependencia.com.ar\/index.php?rest_route=\/wp\/v2\/posts\/2268\/revisions\/2358"}],"wp:featuredmedia":[{"embeddable":true,"href":"https:\/\/www.institutoindependencia.com.ar\/index.php?rest_route=\/wp\/v2\/media\/2280"}],"wp:attachment":[{"href":"https:\/\/www.institutoindependencia.com.ar\/index.php?rest_route=%2Fwp%2Fv2%2Fmedia&parent=2268"}],"wp:term":[{"taxonomy":"category","embeddable":true,"href":"https:\/\/www.institutoindependencia.com.ar\/index.php?rest_route=%2Fwp%2Fv2%2Fcategories&post=2268"},{"taxonomy":"post_tag","embeddable":true,"href":"https:\/\/www.institutoindependencia.com.ar\/index.php?rest_route=%2Fwp%2Fv2%2Ftags&post=2268"}],"curies":[{"name":"wp","href":"https:\/\/api.w.org\/{rel}","templated":true}]}}