{"id":2464,"date":"2021-11-23T23:56:03","date_gmt":"2021-11-23T20:56:03","guid":{"rendered":"http:\/\/www.independenciaideas.com\/?p=2464"},"modified":"2021-11-23T23:56:03","modified_gmt":"2021-11-23T20:56:03","slug":"comunicado-del-instituto-independencia-con-respecto-al-atentado-a-clarin","status":"publish","type":"post","link":"https:\/\/www.institutoindependencia.com.ar\/?p=2464","title":{"rendered":"Comunicado del Instituto Independencia con respecto al atentado a Clar\u00edn"},"content":{"rendered":"<p>El fomento, la difusi\u00f3n y la naturalizaci\u00f3n del discurso del odio laceran la convivencia democr\u00e1tica Asistimos a un tiempo en el que, desde la descalificaci\u00f3n en t\u00e9rminos personales para anular el debate hasta las instalaciones como bolsas mortuorias en Plaza de Mayo, el ataque a cientos de unidades b\u00e1sicas en diferentes puntos del pa\u00eds, el atentado a dirigentes pol\u00edticos como en la Prov. de Corrientes, los insultos amplificados y las mentiras son parte constitutiva del mensaje cotidiano.<\/p>\n<p>El ataque a las oficinas del diario Clar\u00edn se suma a esa serie de hechos. Todos y cada uno de esos hechos son repudiables. Como sociedad debemos replantearnos las pr\u00e1cticas que legitiman la violencia en todas sus formas.<\/p>\n<p>Reforzar acuerdos b\u00e1sicos de convivencia democr\u00e1tica es una tarea en la que debemos involucrarnos todos: Espacios pol\u00edticos, Gobierno, Poder Judicial, medios en general. La convivencia democr\u00e1tica se sostiene en el di\u00e1logo, el debate, la honestidad intelectual.<\/p>\n<p>Desde el Instituto Independencia repudiamos toda forma de violencia y esperamos que se investigue, se castigue a los responsables directos, que la Justicia act\u00fae responsablemente.<\/p>\n<p>Instamos a todos los actores de la vida pol\u00edtica nacional y eso incluye a los medios de prensa, claramente, a recomponer el di\u00e1logo franco que contribuya a fortalecer a la Democracia.<\/p>\n<p>&nbsp;<\/p>\n<p>Buenos Aires, 23 de noviembre de 2021<\/p>\n<p>Mesa Directiva del Instituto Independencia.<\/p>\n","protected":false},"excerpt":{"rendered":"<p>El fomento, la difusi\u00f3n y la naturalizaci\u00f3n del discurso del odio laceran la convivencia democr\u00e1tica Asistimos a un tiempo en el que, desde la descalificaci\u00f3n<\/p>\n","protected":false},"author":6,"featured_media":0,"comment_status":"closed","ping_status":"closed","sticky":false,"template":"","format":"standard","meta":{"_mi_skip_tracking":false},"categories":[47],"tags":[],"_links":{"self":[{"href":"https:\/\/www.institutoindependencia.com.ar\/index.php?rest_route=\/wp\/v2\/posts\/2464"}],"collection":[{"href":"https:\/\/www.institutoindependencia.com.ar\/index.php?rest_route=\/wp\/v2\/posts"}],"about":[{"href":"https:\/\/www.institutoindependencia.com.ar\/index.php?rest_route=\/wp\/v2\/types\/post"}],"author":[{"embeddable":true,"href":"https:\/\/www.institutoindependencia.com.ar\/index.php?rest_route=\/wp\/v2\/users\/6"}],"replies":[{"embeddable":true,"href":"https:\/\/www.institutoindependencia.com.ar\/index.php?rest_route=%2Fwp%2Fv2%2Fcomments&post=2464"}],"version-history":[{"count":1,"href":"https:\/\/www.institutoindependencia.com.ar\/index.php?rest_route=\/wp\/v2\/posts\/2464\/revisions"}],"predecessor-version":[{"id":2465,"href":"https:\/\/www.institutoindependencia.com.ar\/index.php?rest_route=\/wp\/v2\/posts\/2464\/revisions\/2465"}],"wp:attachment":[{"href":"https:\/\/www.institutoindependencia.com.ar\/index.php?rest_route=%2Fwp%2Fv2%2Fmedia&parent=2464"}],"wp:term":[{"taxonomy":"category","embeddable":true,"href":"https:\/\/www.institutoindependencia.com.ar\/index.php?rest_route=%2Fwp%2Fv2%2Fcategories&post=2464"},{"taxonomy":"post_tag","embeddable":true,"href":"https:\/\/www.institutoindependencia.com.ar\/index.php?rest_route=%2Fwp%2Fv2%2Ftags&post=2464"}],"curies":[{"name":"wp","href":"https:\/\/api.w.org\/{rel}","templated":true}]}}