{"id":2653,"date":"2022-12-06T10:31:27","date_gmt":"2022-12-06T07:31:27","guid":{"rendered":"https:\/\/www.institutoindependencia.com.ar\/?p=2653"},"modified":"2022-12-06T16:35:46","modified_gmt":"2022-12-06T13:35:46","slug":"comunicado","status":"publish","type":"post","link":"https:\/\/www.institutoindependencia.com.ar\/?p=2653","title":{"rendered":"COMUNICADO"},"content":{"rendered":"<p style=\"text-align: left;\">Desde el Instituto Independencia nos solidarizamos con la Vicepresidenta de la Naci\u00f3n, Cristina Fern\u00e1ndez de Kirchner, frente a la feroz bestialidad a la que hace a\u00f1os est\u00e1 expuesta.<br \/>\nNo hay justicia cu\u00e1ndo quienes deben administrarla han demostrado ser mafiosos que responden a intereses espurios y utilizan las herramientas del derecho a la carta, seg\u00fan las pretensiones de sus jefes.<br \/>\nArgentina atraviesa el momento m\u00e1s oscuro desde la recuperaci\u00f3n de la Democracia: el coctel de servicios, medios, pol\u00edtica y jueces ha envenenado a la Rep\u00fablica.<br \/>\nEntendemos que este intento de disciplinamiento a la dirigencia pol\u00edtica peronista fracasar\u00e1 m\u00e1s temprano que tarde. El peronismo, acostumbrado a las persecuciones, las torturas, las desapariciones, siempre renace y vuelve con m\u00e1s fuerza, porque el Pueblo no abandona a quien no lo traiciona. La historia as\u00ed lo ha demostrado.<br \/>\nRepudiamos el accionar de la justicia federal corrupta y nos declaramos en estado de alerta y movilizaci\u00f3n en defensa de la Rep\u00fablica y la Democracia.<\/p>\n<p style=\"text-align: right;\"><strong>Mesa Directiva del Instituto Independencia.<\/strong><br \/>\n<em>Buenos Aires, 6 de diciembre de 2022<\/em><\/p>\n","protected":false},"excerpt":{"rendered":"<p>Desde el Instituto Independencia nos solidarizamos con la Vicepresidenta de la Naci\u00f3n, Cristina Fern\u00e1ndez de Kirchner, frente a la feroz bestialidad a la que hace<\/p>\n","protected":false},"author":6,"featured_media":0,"comment_status":"closed","ping_status":"closed","sticky":false,"template":"","format":"standard","meta":{"_mi_skip_tracking":false},"categories":[47],"tags":[],"_links":{"self":[{"href":"https:\/\/www.institutoindependencia.com.ar\/index.php?rest_route=\/wp\/v2\/posts\/2653"}],"collection":[{"href":"https:\/\/www.institutoindependencia.com.ar\/index.php?rest_route=\/wp\/v2\/posts"}],"about":[{"href":"https:\/\/www.institutoindependencia.com.ar\/index.php?rest_route=\/wp\/v2\/types\/post"}],"author":[{"embeddable":true,"href":"https:\/\/www.institutoindependencia.com.ar\/index.php?rest_route=\/wp\/v2\/users\/6"}],"replies":[{"embeddable":true,"href":"https:\/\/www.institutoindependencia.com.ar\/index.php?rest_route=%2Fwp%2Fv2%2Fcomments&post=2653"}],"version-history":[{"count":3,"href":"https:\/\/www.institutoindependencia.com.ar\/index.php?rest_route=\/wp\/v2\/posts\/2653\/revisions"}],"predecessor-version":[{"id":2656,"href":"https:\/\/www.institutoindependencia.com.ar\/index.php?rest_route=\/wp\/v2\/posts\/2653\/revisions\/2656"}],"wp:attachment":[{"href":"https:\/\/www.institutoindependencia.com.ar\/index.php?rest_route=%2Fwp%2Fv2%2Fmedia&parent=2653"}],"wp:term":[{"taxonomy":"category","embeddable":true,"href":"https:\/\/www.institutoindependencia.com.ar\/index.php?rest_route=%2Fwp%2Fv2%2Fcategories&post=2653"},{"taxonomy":"post_tag","embeddable":true,"href":"https:\/\/www.institutoindependencia.com.ar\/index.php?rest_route=%2Fwp%2Fv2%2Ftags&post=2653"}],"curies":[{"name":"wp","href":"https:\/\/api.w.org\/{rel}","templated":true}]}}