{"id":2743,"date":"2023-05-17T04:06:46","date_gmt":"2023-05-17T01:06:46","guid":{"rendered":"https:\/\/www.institutoindependencia.com.ar\/?p=2743"},"modified":"2023-05-17T04:49:52","modified_gmt":"2023-05-17T01:49:52","slug":"la-bala-no-salio-pero-acaba-de-matar-a-la-democracia-y-las-esperanzas-de-millones-de-argentinos-por-daniela-bambill","status":"publish","type":"post","link":"https:\/\/www.institutoindependencia.com.ar\/?p=2743","title":{"rendered":"\u00abLa bala no sali\u00f3, pero acaba de matar a la Democracia y las esperanzas de millones de argentinos\u00bb por Daniela Bambill"},"content":{"rendered":"<p class=\"s3\"><strong><span class=\"s2\"><span class=\"bumpedFont15\">La bala no sali\u00f3 pero acaba de matar a la Democracia <\/span><\/span><span class=\"s2\"><span class=\"bumpedFont15\">y las esperanzas de millones de argentinos.<\/span><\/span><\/strong><\/p>\n<p class=\"s4\">\n<p class=\"s4\">\u200b<span class=\"s5\"><span class=\"bumpedFont15\">El 1\u00b0 de septiembre de 2022 padecimos uno de los mayores ataques a la democracia de la historia. Un delincuente atent\u00f3 contra la vida de Cristina Fern\u00e1ndez de Kirchner en la v\u00eda p\u00fablica de la ciudad de Buenos Aires. Lo peor no sucedi\u00f3 esa noche sino despu\u00e9s: qued\u00f3 a la vista una trama de ocultamientos y mentiras <\/span><\/span><span class=\"s5\"><span class=\"bumpedFont15\">que confirman la debilidad del E<\/span><\/span><span class=\"s5\"><span class=\"bumpedFont15\">stado de <\/span><\/span><span class=\"s5\"><span class=\"bumpedFont15\">D<\/span><\/span><span class=\"s5\"><span class=\"bumpedFont15\">erecho y la complicidad de jueces, fiscales y empresarios en contra de la voluntad popular.<\/span><\/span><\/p>\n<p class=\"s4\">\u200b<span class=\"s5\"><span class=\"bumpedFont15\">La Justicia<\/span><\/span><span class=\"s5\"><span class=\"bumpedFont15\">, los M<\/span><\/span><span class=\"s5\"><span class=\"bumpedFont15\">edios y la dirigencia pol\u00edtica debiera responder: <\/span><\/span><\/p>\n<p class=\"s4\">\n<div class=\"s8\"><span class=\"s6\">1. <\/span><span class=\"s7\"><span class=\"bumpedFont15\">\u00bfQui\u00e9n movi\u00f3 el dedo de Sabag Montiel?<\/span><\/span><span class=\"s5\"><span class=\"bumpedFont15\"> Una organizaci\u00f3n est\u00e1, a todas luces, <\/span><\/span><span class=\"s5\"><span class=\"bumpedFont15\">detr\u00e1s del autor material del atentado.<\/span><\/span><\/div>\n<div class=\"s8\"><span class=\"s6\">2. <\/span><span class=\"s7\"><span class=\"bumpedFont15\">\u00bfQui\u00e9n es el responsable del celular borrado?<\/span><\/span><span class=\"s5\"><span class=\"bumpedFont15\"> La cobertura judicial qued\u00f3 en evidencia desde el primer minuto.<\/span><\/span><\/div>\n<div class=\"s8\"><span class=\"s6\">3. <\/span><span class=\"s7\"><span class=\"bumpedFont15\">\u00bfPor qu\u00e9 <\/span><\/span><span class=\"s7\"><span class=\"bumpedFont15\">no se sigui\u00f3 investigando a <\/span><\/span><span class=\"s7\"><span class=\"bumpedFont15\">Nicol\u00e1s Caputo <\/span><\/span><span class=\"s7\"><span class=\"bumpedFont15\">que <\/span><\/span><span class=\"s7\"><span class=\"bumpedFont15\">financi\u00f3 las actividades pol\u00edticas de <\/span><\/span><span class=\"s7\"><span class=\"bumpedFont15\">Revoluci\u00f3n Federal?<\/span><\/span><span class=\"s5\"><span class=\"bumpedFont15\">Esa l\u00ednea investigativa lleva a <\/span><\/span><span class=\"s5\"><span class=\"bumpedFont15\">Macri<\/span><\/span><span class=\"s5\"><span class=\"bumpedFont15\"> directamente.<\/span><\/span><\/div>\n<div class=\"s8\"><span class=\"s6\">4. <\/span><span class=\"s7\"><span class=\"bumpedFont15\">\u00bfPor qu\u00e9 se instala en 24 horas<\/span><\/span><span class=\"s7\"><span class=\"bumpedFont15\">, desde la oposici\u00f3n y alg\u00fan dirigente oficialista,<\/span><\/span><span class=\"s7\"><span class=\"bumpedFont15\"> la teor\u00eda del lobo solitario sin ninguna prueba?<\/span><\/span><span class=\"s5\"><span class=\"bumpedFont15\"> Responsabilizar a un grupo de <\/span><\/span><span class=\"s5\"><span class=\"bumpedFont15\">l\u00fampenes<\/span><\/span><span class=\"s5\"><span class=\"bumpedFont15\">con ideas delirantes ser\u00eda un palimpsesto de Fuenteovejuna, oportuno para dormir la causa. <\/span><\/span><\/div>\n<div class=\"s8\"><span class=\"s6\">5. <\/span><span class=\"s7\"><span class=\"bumpedFont15\">\u00bfPor qu\u00e9 la Corte Suprema de Justici<\/span><\/span><span class=\"s7\"><span class=\"bumpedFont15\">a no facilit\u00f3 los recursos para la investigaci\u00f3n del ataque m\u00e1s bestial a la Democracia?<\/span><\/span><span class=\"s5\"><span class=\"bumpedFont15\"> Cu\u00e1nto m\u00e1s lerda resulte la investigaci\u00f3n menos probabilidades de llegar a la resoluci\u00f3n existen<\/span><\/span><span class=\"s5\"><span class=\"bumpedFont15\">,<\/span><\/span><span class=\"s5\"><span class=\"bumpedFont15\"> y los cortesanos lo saben. <\/span><\/span><\/div>\n<div class=\"s8\"><span class=\"s6\">6. <\/span><span class=\"s7\"><span class=\"bumpedFont15\">\u00bf<\/span><\/span><span class=\"s7\"><span class=\"bumpedFont15\">Por qu\u00e9 los medios de comunicaci\u00f3n, sin grieta alguna, tratan el intento de magnicidio como un caso policial m\u00e1s<\/span><\/span><span class=\"s7\"><span class=\"bumpedFont15\"> tocando el tema solo cu\u00e1ndo hay novedades<\/span><\/span><span class=\"s7\"><span class=\"bumpedFont15\">? <\/span><\/span><\/div>\n<div class=\"s8\"><span class=\"s6\">7. <\/span><span class=\"s7\"><span class=\"bumpedFont15\">\u00bfPor qu\u00e9 la AFI no pudo prevenir el ataque teniendo material que puso sobre la mesa <\/span><\/span><span class=\"s7\"><span class=\"bumpedFont15\">tres<\/span><\/span><span class=\"s7\"><span class=\"bumpedFont15\"> semanas despu\u00e9s del atentado?<\/span><\/span><span class=\"s5\"><span class=\"bumpedFont15\"> No se trata aqu\u00ed de complicidad sino de una impericia alarmante para un organismo del Estado tan sensible. <\/span><\/span><\/div>\n<div class=\"s8\"><span class=\"s6\">8. <\/span><span class=\"s7\"><span class=\"bumpedFont15\">\u00bfPor qu\u00e9 s<\/span><\/span><span class=\"s7\"><span class=\"bumpedFont15\">e encubre la pista <\/span><\/span><span class=\"s7\"><span class=\"bumpedFont15\">Milman<\/span><\/span><span class=\"s7\"><span class=\"bumpedFont15\">, y a ocho<\/span><\/span><span class=\"s7\"><span class=\"bumpedFont15\"> meses reci\u00e9n secuestran los tel\u00e9fonos de sus colaboradoras?<\/span><\/span><span class=\"s5\"><span class=\"bumpedFont15\">Todos los caminos conducen a Bullrich. <\/span><\/span><\/div>\n<div class=\"s8\"><span class=\"s6\">9. <\/span><span class=\"s7\"><span class=\"bumpedFont15\">\u00bfPor qu\u00e9 nadie hace menci\u00f3n que el perito inform\u00e1tico que borr\u00f3 las pruebas de los tel\u00e9fonos de las secretarias de Milman ejerci\u00f3 desde el 16 al 19 como Director de Tecnolog\u00eda del Ministerio de Seguridad de la Naci\u00f3n siendo Patricia <\/span><\/span><span class=\"s7\"><span class=\"bumpedFont15\">Bullrich<\/span><\/span><span class=\"s7\"><span class=\"bumpedFont15\"> ministra?<\/span><\/span><\/div>\n<div class=\"s8\"><span class=\"s6\">10. <\/span><span class=\"s7\"><span class=\"bumpedFont15\">\u00bfQui\u00e9nes ganan con la impunidad?<\/span><\/span><\/div>\n<p class=\"s4\">\n<p class=\"s4\">\n<p class=\"s4\">\u200b<span class=\"s5\"><span class=\"bumpedFont15\">No es un caso policial. No es discutir el pasado. No es revisar an\u00e9cdotas.<\/span><\/span> <span class=\"s5\"><span class=\"bumpedFont15\">Es evidente que una organizaci\u00f3n intent\u00f3 asesinar a Cristina Fern\u00e1ndez de Kirchner<\/span><\/span><span class=\"s5\"><span class=\"bumpedFont15\">,<\/span><\/span> <span class=\"s5\"><span class=\"bumpedFont15\">la actual vicepresidenta de la Naci\u00f3n y dos veces presidenta elegida por el voto popular. <\/span><\/span><\/p>\n<p class=\"s4\">\n<p class=\"s4\">\u200b<span class=\"s5\"><span class=\"bumpedFont15\">La Justicia no investiga porque mantiene connivencia con los sectores de la pol\u00edtica que se expresan mediante la violencia, avalando<\/span><\/span><span class=\"s5\"><span class=\"bumpedFont15\">,<\/span><\/span><span class=\"s5\"><span class=\"bumpedFont15\"> con su inacci\u00f3n<\/span><\/span><span class=\"s5\"><span class=\"bumpedFont15\">,<\/span><\/span><span class=\"s5\"><span class=\"bumpedFont15\"> la debilidad democr\u00e1tica<\/span><\/span><span class=\"s5\"><span class=\"bumpedFont15\">y<\/span><\/span><span class=\"s5\"><span class=\"bumpedFont15\"> llegando al sumun con la suspensi\u00f3n de elecciones provinciales. Una parte de la Justicia argentina es c\u00f3mplice del intento de matar a la Democracia. <\/span><\/span><\/p>\n<p class=\"s4\">\n<p class=\"s4\">\u200b<span class=\"s5\"><span class=\"bumpedFont15\">La t<\/span><\/span><span class=\"s5\"><span class=\"bumpedFont15\">eor\u00eda del <\/span><\/span><span class=\"s5\"><span class=\"bumpedFont15\">L<\/span><\/span><span class=\"s5\"><span class=\"bumpedFont15\">awfare<\/span><\/span><span class=\"s5\"><span class=\"bumpedFont15\"> ha llegado al punto de deshumanizar y naturalizar la muerte del adversario pol\u00edtico en la Argentina. Claro,<\/span><\/span><span class=\"s5\"><span class=\"bumpedFont15\"> nuestro pa\u00eds<\/span><\/span><span class=\"s5\"><span class=\"bumpedFont15\"> tiene <\/span><\/span><span class=\"s5\"><span class=\"bumpedFont15\">larga <\/span><\/span><span class=\"s5\"><span class=\"bumpedFont15\">historia en <\/span><\/span><span class=\"s5\"><span class=\"bumpedFont15\">ser, en <\/span><\/span><span class=\"s5\"><span class=\"bumpedFont15\">esta <\/span><\/span><span class=\"s5\"><span class=\"bumpedFont15\">suerte, <\/span><\/span><span class=\"s5\"><span class=\"bumpedFont15\">los me<\/span><\/span><span class=\"s5\"><span class=\"bumpedFont15\">jores en las demandas del Norte. Y<\/span><\/span><span class=\"s5\"><span class=\"bumpedFont15\">a lo vivimos con la Escuela de las Am\u00e9ricas que nos c<\/span><\/span><span class=\"s5\"><span class=\"bumpedFont15\">ost\u00f3 30 mil desaparecidos y otras tantas <\/span><\/span><span class=\"s5\"><span class=\"bumpedFont15\">miles de muertes<\/span><\/span><span class=\"s5\"><span class=\"bumpedFont15\"> para aplicar el programa econ\u00f3mico de expoliaci\u00f3n que necesitaba el <\/span><\/span><span class=\"s5\"><span class=\"bumpedFont15\">I<\/span><\/span><span class=\"s5\"><span class=\"bumpedFont15\">mperio. Hoy<\/span><\/span><span class=\"s5\"><span class=\"bumpedFont15\">,<\/span><\/span><span class=\"s5\"><span class=\"bumpedFont15\"> la \u00faltima barrera de contenci\u00f3n para evitar que la historia se repita<\/span><\/span><span class=\"s5\"><span class=\"bumpedFont15\">,<\/span><\/span><span class=\"s5\"><span class=\"bumpedFont15\"> en este caso<\/span><\/span><span class=\"s5\"><span class=\"bumpedFont15\">,<\/span><\/span><span class=\"s5\"><span class=\"bumpedFont15\"> con el objetivo de nuestros recursos naturales y la Argentina como pieza fundamental<\/span><\/span><span class=\"s5\"><span class=\"bumpedFont15\"> en el juego geopol\u00edtico de USA, <\/span><\/span><span class=\"s5\"><span class=\"bumpedFont15\">es Cristina <\/span><\/span><span class=\"s5\"><span class=\"bumpedFont15\">Fernandez<\/span><\/span><span class=\"s5\"><span class=\"bumpedFont15\"> de Kirchner. <\/span><\/span><\/p>\n<p class=\"s4\">\n<p class=\"s4\">\u200b<span class=\"s5\"><span class=\"bumpedFont15\">No investigar ni condenar el hecho m\u00e1s violento desde la recuperaci\u00f3n democr\u00e1tica es naturalizar a la muerte como alternativa de disputa pol\u00edtica. Por eso<\/span><\/span><span class=\"s5\"><span class=\"bumpedFont15\">, no es un caso policial<\/span><\/span><span class=\"s5\"><span class=\"bumpedFont15\">. Este intento de asesinato rompe las reglas de convivencia democr\u00e1ticas pactadas por todo el pueblo de la Naci\u00f3n en 1983 cuando dijimos NUNCA M\u00c1S.<\/span><\/span><\/p>\n<p class=\"s4\">\u200b<span class=\"s5\"><span class=\"bumpedFont15\">No conformes con esto, <\/span><\/span><span class=\"s5\"><span class=\"bumpedFont15\">el Partido Judicial intervino directamente<\/span><\/span> <span class=\"s5\"><span class=\"bumpedFont15\">el<\/span><\/span><span class=\"s5\"><span class=\"bumpedFont15\"> funcionamiento del federalismo.<\/span><\/span> <span class=\"s5\"><span class=\"bumpedFont15\">Ignor\u00f3 <\/span><\/span><span class=\"s5\"><span class=\"bumpedFont15\">la Cons<\/span><\/span><span class=\"s5\"><span class=\"bumpedFont15\">tituci\u00f3n Nacional y avasall\u00f3 <\/span><\/span><span class=\"s5\"><span class=\"bumpedFont15\">el derecho soberano de los pueblos de las provincias suspendiendo <\/span><\/span><span class=\"s5\"><span class=\"bumpedFont15\">sus elecciones.<\/span><\/span><\/p>\n<p class=\"s4\">\u200b<span class=\"s5\"><span class=\"bumpedFont15\">El preludio o la amenaza de PROSCRIPCI\u00d3N a Cristina se <\/span><\/span><span class=\"s5\"><span class=\"bumpedFont15\">ha<\/span><\/span><span class=\"s5\"><span class=\"bumpedFont15\"> materializado esta semana.<\/span><\/span> <span class=\"s5\"><span class=\"bumpedFont15\">La vicepresidenta ha manifestado taxativamente que no ser\u00e1 candidata para no exponer a nuestra fuerza pol\u00edtica a los designios de los jueces corruptos que constituyen una Corte <\/span><\/span><span class=\"s5\"><span class=\"bumpedFont15\">deslegitimada. <\/span><\/span><\/p>\n<p class=\"s4\">\u200b<span class=\"s5\"><span class=\"bumpedFont15\">La bala que no sali\u00f3 ha matado a la Democracia en sus primeros 40 a\u00f1os ininterrumpidos.<\/span><\/span><\/p>\n<p class=\"s4\">\n<p class=\"s4\" style=\"text-align: right;\"><strong><span class=\"s5\"><span class=\"bumpedFont15\">Daniela <\/span><\/span><span class=\"s5\"><span class=\"bumpedFont15\">Bambill<\/span><\/span><\/strong><\/p>\n","protected":false},"excerpt":{"rendered":"<p>La bala no sali\u00f3 pero acaba de matar a la Democracia y las esperanzas de millones de argentinos. \u200bEl 1\u00b0 de septiembre de 2022 padecimos<\/p>\n","protected":false},"author":9,"featured_media":2745,"comment_status":"closed","ping_status":"closed","sticky":false,"template":"","format":"standard","meta":{"_mi_skip_tracking":false},"categories":[34],"tags":[],"_links":{"self":[{"href":"https:\/\/www.institutoindependencia.com.ar\/index.php?rest_route=\/wp\/v2\/posts\/2743"}],"collection":[{"href":"https:\/\/www.institutoindependencia.com.ar\/index.php?rest_route=\/wp\/v2\/posts"}],"about":[{"href":"https:\/\/www.institutoindependencia.com.ar\/index.php?rest_route=\/wp\/v2\/types\/post"}],"author":[{"embeddable":true,"href":"https:\/\/www.institutoindependencia.com.ar\/index.php?rest_route=\/wp\/v2\/users\/9"}],"replies":[{"embeddable":true,"href":"https:\/\/www.institutoindependencia.com.ar\/index.php?rest_route=%2Fwp%2Fv2%2Fcomments&post=2743"}],"version-history":[{"count":3,"href":"https:\/\/www.institutoindependencia.com.ar\/index.php?rest_route=\/wp\/v2\/posts\/2743\/revisions"}],"predecessor-version":[{"id":2748,"href":"https:\/\/www.institutoindependencia.com.ar\/index.php?rest_route=\/wp\/v2\/posts\/2743\/revisions\/2748"}],"wp:featuredmedia":[{"embeddable":true,"href":"https:\/\/www.institutoindependencia.com.ar\/index.php?rest_route=\/wp\/v2\/media\/2745"}],"wp:attachment":[{"href":"https:\/\/www.institutoindependencia.com.ar\/index.php?rest_route=%2Fwp%2Fv2%2Fmedia&parent=2743"}],"wp:term":[{"taxonomy":"category","embeddable":true,"href":"https:\/\/www.institutoindependencia.com.ar\/index.php?rest_route=%2Fwp%2Fv2%2Fcategories&post=2743"},{"taxonomy":"post_tag","embeddable":true,"href":"https:\/\/www.institutoindependencia.com.ar\/index.php?rest_route=%2Fwp%2Fv2%2Ftags&post=2743"}],"curies":[{"name":"wp","href":"https:\/\/api.w.org\/{rel}","templated":true}]}}