{"id":2749,"date":"2023-05-19T22:54:51","date_gmt":"2023-05-19T19:54:51","guid":{"rendered":"https:\/\/www.institutoindependencia.com.ar\/?p=2749"},"modified":"2023-05-19T22:54:51","modified_gmt":"2023-05-19T19:54:51","slug":"devaluan-el-peso-por-presion-de-los-grupos-economicos-por-horacio-rovelli","status":"publish","type":"post","link":"https:\/\/www.institutoindependencia.com.ar\/?p=2749","title":{"rendered":"\u00abDeval\u00faan el peso por presi\u00f3n de los grupos econ\u00f3micos\u00bb por Horacio Rovelli"},"content":{"rendered":"<p dir=\"ltr\">El economista\u00a0<strong>Horacio Rovelli\u00a0<\/strong>dio su punto de vista de las\u00a0<strong>medidas anunciadas por el Ministerio a cargo de Sergio Massa<\/strong>\u00a0el fin de semana pasado. Esto ocurri\u00f3 luego de que se diera a conocer la tasa de inflaci\u00f3n perteneciente al mes de abril que fue de 8,4%. El especialista brind\u00f3 su columna en\u00a0<strong>La Tucumana de Ma\u00f1ana (FM latucumana 95.9)<\/strong>: \u201c<strong>Las medidas son incompatibles entre s\u00ed<\/strong>. No pod\u00e9s\u00a0subir la tasa de inter\u00e9s, ajustar el tipo de cambio y pretender que no aumenten los precios. Encima,\u00a0<strong>esa tasa de inter\u00e9s es de un 8,06% y la inflaci\u00f3n fue de 8,4%<\/strong>. Esta situaci\u00f3n es temporal porque el gobierno espera que en junio el FMI le de un adelanto. Igualmente, el Ministro\u00a0<strong>Massa viaja este viernes a Beijing a acordar con China<\/strong>\u00a0porque tenemos yuanes que se utilizan hasta ahora solamente para poder comprar productos a China con quien tenemos un d\u00e9ficit comercial. Nosotros les vendemos soja y productos derivados y ellos productos tecnol\u00f3gicos. El gobierno le pide solo una parte de lo que tenemos en descubierto con ese pa\u00eds: U$D5 mil millones. De esta manera, s<strong>e puede cubrir el d\u00e9ficit financiero y, con un Banco Central con reservas internacionales, ya no se atenta tanto con la corrida cambiaria<\/strong>.<\/p>\n<p dir=\"ltr\">En este sentido, el especialista habl\u00f3 sobre la profundizaci\u00f3n de la crisis y la participaci\u00f3n de ciertos sectores econ\u00f3micos: \u201cLa Argentina es un pa\u00eds rico, tenemos la tercera reserva mundial de agua, el d\u00e9cimo exportador de alimentos y este a\u00f1o vamos a tener un r\u00e9cord de exportaci\u00f3n de hidrocarburos. E<strong>sta crisis est\u00e1 provocada por lo que quieren comprar por la mitad lo que vale el doble. Est\u00e1n devaluando nuestra moneda por presi\u00f3n de los grupos econ\u00f3micos<\/strong>. El valor del d\u00f3lar est\u00e1 entre un 50 y un 60% m\u00e1s alto y se trata de una baja hist\u00f3rica. Ellos vienen con d\u00f3lares y nosotros estamos subvaluados, as\u00ed compran todo por la mitad\u201d.<\/p>\n<p>&nbsp;<\/p>\n<p dir=\"ltr\">Adem\u00e1s, el economista fue consultado por el por qu\u00e9 la gran mayor\u00eda de argentinos sigue comprando d\u00f3lares: \u201c<strong>La gran diferencia con 1989\u00a0<\/strong>es que el retiro de los dep\u00f3sitos fue masivo,<strong>\u00a0hubo una corrida cambiaria que se convirti\u00f3 en bancaria, ahora solo hay una corrida cambiaria<\/strong>, cuando se transforme en corrida bancaria ah\u00ed no la paran m\u00e1s. Esto demuestra que el<strong>\u00a0gobierno todav\u00eda tiene algo de confianza\u00a0<\/strong>en la poblaci\u00f3n de que va a poder conseguir este dinero para terminar el a\u00f1o\u201d, enfatiz\u00f3 Rovelli.<\/p>\n<p>&nbsp;<\/p>\n<p dir=\"ltr\">Por \u00faltimo, Rovelli habl\u00f3 sobre qu\u00e9 es el d\u00f3lar financiero y por que subi\u00f3 ayer. \u201cLos que pod\u00edan comprar t\u00edtulos o acciones, los vend\u00edan a un menor valor y con esos d\u00f3lares se iban al mercado ilegal, a las cuevas y los vend\u00edan, uno estaba a $455 y el otro a $488, por lo que hac\u00edan una diferencia importante. El gobierno no intervino, pero<strong>\u00a0ayer los que quisieron comprar de liquid lo pagaron mucho m\u00e1s caro, pas\u00f3 de $455 a $479, y el gobierno les puso un parking de dos d\u00edas para que no haya esta especulaci\u00f3n financiera<\/strong>\u201d, cerr\u00f3 el especialista.<\/p>\n<p dir=\"ltr\"><a href=\"https:\/\/www.youtube.com\/watch?v=aJe_x2CXPVo\">Mira la nota completa:<\/a><\/p>\n<p><iframe loading=\"lazy\" title=\"Entrevista a Horacio Rovelli, economista tucumano - FM latucumana 95.9\" width=\"640\" height=\"360\" src=\"https:\/\/www.youtube.com\/embed\/aJe_x2CXPVo?feature=oembed\" frameborder=\"0\" allow=\"accelerometer; autoplay; clipboard-write; encrypted-media; gyroscope; picture-in-picture; web-share\" allowfullscreen><\/iframe><\/p>\n<p>&nbsp;<\/p>\n<p>FUENTE: <a href=\"https:\/\/www.eltucumano.com\/noticia\/actualidad\/290881\/horacio-rovelli-devaluan-el-peso-por-presion-de-los-grupos-economicos?dnd=cat&amp;src=tit&amp;pos=4&amp;dis=desk\">https:\/\/www.eltucumano.com\/noticia\/actualidad\/290881\/horacio-rovelli-devaluan-el-peso-por-presion-de-los-grupos-economicos?dnd=cat&amp;src=tit&amp;pos=4&amp;dis=desk<\/a><\/p>\n","protected":false},"excerpt":{"rendered":"<p>El economista\u00a0Horacio Rovelli\u00a0dio su punto de vista de las\u00a0medidas anunciadas por el Ministerio a cargo de Sergio Massa\u00a0el fin de semana pasado. Esto ocurri\u00f3 luego<\/p>\n","protected":false},"author":9,"featured_media":2751,"comment_status":"closed","ping_status":"closed","sticky":false,"template":"","format":"standard","meta":{"_mi_skip_tracking":false},"categories":[34],"tags":[],"_links":{"self":[{"href":"https:\/\/www.institutoindependencia.com.ar\/index.php?rest_route=\/wp\/v2\/posts\/2749"}],"collection":[{"href":"https:\/\/www.institutoindependencia.com.ar\/index.php?rest_route=\/wp\/v2\/posts"}],"about":[{"href":"https:\/\/www.institutoindependencia.com.ar\/index.php?rest_route=\/wp\/v2\/types\/post"}],"author":[{"embeddable":true,"href":"https:\/\/www.institutoindependencia.com.ar\/index.php?rest_route=\/wp\/v2\/users\/9"}],"replies":[{"embeddable":true,"href":"https:\/\/www.institutoindependencia.com.ar\/index.php?rest_route=%2Fwp%2Fv2%2Fcomments&post=2749"}],"version-history":[{"count":1,"href":"https:\/\/www.institutoindependencia.com.ar\/index.php?rest_route=\/wp\/v2\/posts\/2749\/revisions"}],"predecessor-version":[{"id":2752,"href":"https:\/\/www.institutoindependencia.com.ar\/index.php?rest_route=\/wp\/v2\/posts\/2749\/revisions\/2752"}],"wp:featuredmedia":[{"embeddable":true,"href":"https:\/\/www.institutoindependencia.com.ar\/index.php?rest_route=\/wp\/v2\/media\/2751"}],"wp:attachment":[{"href":"https:\/\/www.institutoindependencia.com.ar\/index.php?rest_route=%2Fwp%2Fv2%2Fmedia&parent=2749"}],"wp:term":[{"taxonomy":"category","embeddable":true,"href":"https:\/\/www.institutoindependencia.com.ar\/index.php?rest_route=%2Fwp%2Fv2%2Fcategories&post=2749"},{"taxonomy":"post_tag","embeddable":true,"href":"https:\/\/www.institutoindependencia.com.ar\/index.php?rest_route=%2Fwp%2Fv2%2Ftags&post=2749"}],"curies":[{"name":"wp","href":"https:\/\/api.w.org\/{rel}","templated":true}]}}