{"id":2797,"date":"2023-06-15T16:41:11","date_gmt":"2023-06-15T13:41:11","guid":{"rendered":"https:\/\/www.institutoindependencia.com.ar\/?p=2797"},"modified":"2023-06-15T16:41:11","modified_gmt":"2023-06-15T13:41:11","slug":"roberto-feletti-hay-una-intervencion-politica-del-fmi-como-el-de-la-csjn-que-hay-que-correrlo-para-lograr-el-desarrollo","status":"publish","type":"post","link":"https:\/\/www.institutoindependencia.com.ar\/?p=2797","title":{"rendered":"Roberto Feletti \u00abHay una intervenci\u00f3n pol\u00edtica del FMI como el de la CSJN que hay que correrlo para lograr\u00a0el\u00a0desarrollo\u00a0\u00ab"},"content":{"rendered":"<p>\u00abVamos a una elecci\u00f3n irregular porque CFK est\u00e1 proscripta. Ten\u00e9s al Presidente de la CSJN hablando como un presidente de facto, por ejemplo. Esto hay que leerlo. Se quiere frenar el avance de un proyecto nacional y popular\u00bb Roberto Feletti en Caballero De D\u00eda.<\/p>\n<p>15-06-2023<\/p>\n<p><iframe loading=\"lazy\" title=\"Roberto Feletti en Caballero De D\u00eda. 15-06-2023\" width=\"640\" height=\"360\" src=\"https:\/\/www.youtube.com\/embed\/1goPCfhtVsE?feature=oembed\" frameborder=\"0\" allow=\"accelerometer; autoplay; clipboard-write; encrypted-media; gyroscope; picture-in-picture; web-share\" allowfullscreen><\/iframe><\/p>\n","protected":false},"excerpt":{"rendered":"<p>\u00abVamos a una elecci\u00f3n irregular porque CFK est\u00e1 proscripta. Ten\u00e9s al Presidente de la CSJN hablando como un presidente de facto, por ejemplo. Esto hay<\/p>\n","protected":false},"author":9,"featured_media":2799,"comment_status":"closed","ping_status":"closed","sticky":false,"template":"","format":"standard","meta":{"_mi_skip_tracking":false},"categories":[35,42],"tags":[],"_links":{"self":[{"href":"https:\/\/www.institutoindependencia.com.ar\/index.php?rest_route=\/wp\/v2\/posts\/2797"}],"collection":[{"href":"https:\/\/www.institutoindependencia.com.ar\/index.php?rest_route=\/wp\/v2\/posts"}],"about":[{"href":"https:\/\/www.institutoindependencia.com.ar\/index.php?rest_route=\/wp\/v2\/types\/post"}],"author":[{"embeddable":true,"href":"https:\/\/www.institutoindependencia.com.ar\/index.php?rest_route=\/wp\/v2\/users\/9"}],"replies":[{"embeddable":true,"href":"https:\/\/www.institutoindependencia.com.ar\/index.php?rest_route=%2Fwp%2Fv2%2Fcomments&post=2797"}],"version-history":[{"count":1,"href":"https:\/\/www.institutoindependencia.com.ar\/index.php?rest_route=\/wp\/v2\/posts\/2797\/revisions"}],"predecessor-version":[{"id":2800,"href":"https:\/\/www.institutoindependencia.com.ar\/index.php?rest_route=\/wp\/v2\/posts\/2797\/revisions\/2800"}],"wp:featuredmedia":[{"embeddable":true,"href":"https:\/\/www.institutoindependencia.com.ar\/index.php?rest_route=\/wp\/v2\/media\/2799"}],"wp:attachment":[{"href":"https:\/\/www.institutoindependencia.com.ar\/index.php?rest_route=%2Fwp%2Fv2%2Fmedia&parent=2797"}],"wp:term":[{"taxonomy":"category","embeddable":true,"href":"https:\/\/www.institutoindependencia.com.ar\/index.php?rest_route=%2Fwp%2Fv2%2Fcategories&post=2797"},{"taxonomy":"post_tag","embeddable":true,"href":"https:\/\/www.institutoindependencia.com.ar\/index.php?rest_route=%2Fwp%2Fv2%2Ftags&post=2797"}],"curies":[{"name":"wp","href":"https:\/\/api.w.org\/{rel}","templated":true}]}}