{"id":2801,"date":"2023-06-27T20:23:59","date_gmt":"2023-06-27T17:23:59","guid":{"rendered":"https:\/\/www.institutoindependencia.com.ar\/?p=2801"},"modified":"2023-06-28T02:23:27","modified_gmt":"2023-06-27T23:23:27","slug":"reforma-tributaria-una-asignatura-pendiente-jueves-29-6-18hs-uba-economicas","status":"publish","type":"post","link":"https:\/\/www.institutoindependencia.com.ar\/?p=2801","title":{"rendered":"\u00abReforma tributaria: una asignatura pendiente\u00bb Jueves 29\/6 &#8211; 18hs UBA Econ\u00f3micas"},"content":{"rendered":"<p>Invitaci\u00f3n a la presentaci\u00f3n del N\u00b090 de la revista\u00a0<em>Voces en el F\u00e9nix:<br \/>\n<\/em><\/p>\n<p>\u00abReforma tributaria: una asignatura pendiente\u00bb<\/p>\n<p>&nbsp;<\/p>\n<p>Estimadas y estimados:<\/p>\n<p>&nbsp;<\/p>\n<p>Desde la C\u00e1tedra Abierta Plan F\u00e9nix, queremos invitarlas\/os a la presentaci\u00f3n del n\u00famero 90 de nuestra revista, <em>Voces en el F\u00e9nix<\/em>, que estuvo dedicado al tema de la fiscalidad en la Argentina y para el cual contamos con su valiosa contribuci\u00f3n. Les enviamos el enlace para que puedan recorrer el n\u00famero: <a href=\"https:\/\/vocesenelfenix.economicas.uba.ar\/\">https:\/\/vocesenelfenix.economicas.uba.ar\/<\/a>.<\/p>\n<p>&nbsp;<\/p>\n<p>La mesa tendr\u00e1 lugar el pr\u00f3ximo <strong>jueves 29 de junio a las 18 h en el SUM<\/strong> de la Facultad de Ciencias Econ\u00f3micas (Av. C\u00f3rdoba 2122, 1er piso) y ser\u00e1 transmitida en vivo a trav\u00e9s de nuestro canal de YouTube: <a href=\"https:\/\/www.youtube.com\/user\/vocesenelfenix\">https:\/\/www.youtube.com\/user\/vocesenelfenix<\/a>.<\/p>\n<p>Les rogamos que difundan la actividad entre quienes estimen conveniente.<\/p>\n<p>Las y los saludamos cordialmente.<\/p>\n<p><em>\u00a0<\/em><\/p>\n<p><em>Alberto M\u00fcller <\/em><\/p>\n<p><em>Director de la C\u00e1tedra Abierta Plan F\u00e9nix<\/em><\/p>\n<p>&nbsp;<\/p>\n<p><em>\u00a0Haroldo Montagu<\/em><\/p>\n<p><em>Coordinador Acad\u00e9mico de la C\u00e1tedra Abierta Plan F\u00e9nix<\/em><\/p>\n<p><em>\u00a0<\/em><\/p>\n<p><em>Bernardo Lischinsky<\/em><\/p>\n<p><em>Director de Voces en el F\u00e9nix<\/em><\/p>\n<p>&nbsp;<\/p>\n<p>&nbsp;<\/p>\n<p>&nbsp;<\/p>\n<p>El presente n\u00famero de la Revista del Plan Fenix analiza la situaci\u00f3n tributaria en la Rep\u00fablica Argentina y las propuestas para profundizarlo como herramienta redistributiva del ingreso.<\/p>\n<p>&nbsp;<\/p>\n<p>Si bien en nuestro pa\u00eds existen tres niveles de gobierno con competencia para dictar normas tributarias, aqu\u00ed se han estudiado las ejercidas a nivel nacional y provincial \u00fanicamente.<\/p>\n<p>&nbsp;<\/p>\n<p>En general, los trabajos son el producto de estudios m\u00e1s amplios que han sido escuetamente reducidos.\u00a0 En caso de querer profundizar alguna de los temas tratados, no dude en dirigirnos su consulta.<\/p>\n<p>&nbsp;<\/p>\n<p>Esta revista est\u00e1 organizada de la siguiente manera:<\/p>\n<p>&nbsp;<\/p>\n<ol>\n<li>\u00bfDe d\u00f3nde partimos?: aqu\u00ed se analizan la evoluci\u00f3n hist\u00f3rica del sistema tributario, el nivel y estructura de la recaudaci\u00f3n tributaria, la evasi\u00f3n impositiva y la Administracion Tributaria. Los trabajos que desarrollan estos temas son\n<ul>\n<li>\u201cImpuesto y renta\u201d Horacio Rovelli<\/li>\n<li>\u201cLas finanzas de los estados provinciales y CABA\u201d Sergio Arelovich<\/li>\n<li>\u201cRecaudaci\u00f3n tributaria a agosto 2022\u201d Horacio Rovelli<\/li>\n<li>\u201cSistema tributario regresivo. 90 a\u00f1os de regresividad con pocas excepciones\u201d Alfredo I\u00f1iguez<\/li>\n<li>\u201cInjusticia tributaria: Evasi\u00f3n y regresividad. Propuestas para una reforma.\u201d Magdalena Rua<\/li>\n<li>\u201c\u00bfQui\u00e9nes son los intermediarios de las maniobras de fuga y evasi\u00f3n de las elites argentinas?\u201d Tomas Lukin<\/li>\n<li>\u201cAcerca de las Administraciones Tributarias en el XXI\u201d Alejandro Otero<\/li>\n<\/ul>\n<\/li>\n<\/ol>\n<p>&nbsp;<\/p>\n<ol start=\"2\">\n<li>Relaci\u00f3n jur\u00eddico tributaria: aqu\u00ed analizamos las normas vigentes y sus posibilidades de mejoramiento y reformas. Enfatizamos en la condici\u00f3n jur\u00eddica de estas normas por as\u00ed disponerlo nuestra Constituci\u00f3n Nacional a trav\u00e9s del principio de legalidad (\u201cnullun tributun sine lege\u201d y \u201cnot taxation without representation\u201d) el cual es ejercido exclusivamente por el Poder Legislativo.<\/li>\n<\/ol>\n<p>Dicho de otra forma: la soberan\u00eda tributaria (el antiguo poder de imperio del Estado) es ejercido por los representantes del pueblo (C\u00e1mara de Diputados) y los de las provincias (C\u00e1mara de Senadores); en ese orden constitucional, mediante el dictado de leyes tributarias (en su sentido lato), con la muy importante aclaraci\u00f3n que ese poder de imposici\u00f3n se agota en el momento de dictado de la norma.\u00a0 A continuaci\u00f3n se establece una relaci\u00f3n de derecho entre el Estado y el pueblo en la cual ambas partes deber\u00edan tener un poder equivalente, ya que tanto el fisco como los\u00a0 contribuyentes, se encuentran sujetas a la normativa legal.<\/p>\n<p>&nbsp;<\/p>\n<ul>\n<li>Relaci\u00f3n jur\u00eddico tributaria sustantiva: aqu\u00ed se analizan las propuestas de reforma del sistema. El com\u00fan denominador de los trabajos es el intento de disminuir la proporci\u00f3n de los impuestos regresivos sobre el total de la recaudaci\u00f3n tributaria.\n<ul>\n<li>\u201cLa condici\u00f3n previa\u201d Arnaud Iribarne<\/li>\n<li>\u201cLas Retenciones a las exportaciones: una reforma tributaria oculta\u201d Martin Burgos<\/li>\n<li>\u201cEl IVA personalizado: atenuar la regresividad de la imposici\u00f3n indirecta\u201d Luis Omar Fern\u00e1ndez<\/li>\n<li>\u201cInflaci\u00f3n y moral tributaria\u201d Angel Schindel<\/li>\n<li>\u201c\u00bfDeben tributar las ganancias inesperadas?\u201d Oscar Ozlack<\/li>\n<li>\u201cCambio de paradigma en la tributaci\u00f3n del impuesto a las ganancias en la era digital\u201d Autora: Mar\u00eda de los \u00c1ngeles J\u00e1uregui<\/li>\n<li>\u201cPropuesta de modificaci\u00f3n del sistema tributario\u201d Ricardo H. Koss<\/li>\n<\/ul>\n<\/li>\n<\/ul>\n<p>&nbsp;<\/p>\n<ul>\n<li>Relaci\u00f3n jur\u00eddico tributaria procedimental: aqu\u00ed se analizan la ley 11683 de Procedimiento tributaria, la cual, desde ya destacamos, no ha recogido la incorporaci\u00f3n de la jerarqu\u00eda de los tratados internacionales en las normas constitucionales de 1994, en particular, los referidos a los derechos humanos en materia tributaria\n<ul>\n<li>\u201c\u00bfDebe suplantarse la ley 11683?\u201d Gerardo Vega<\/li>\n<\/ul>\n<\/li>\n<\/ul>\n<p>&nbsp;<\/p>\n<ol start=\"3\">\n<li>Coparticipaci\u00f3n federal de impuestos: aqu\u00ed se estudian las condiciones que deber\u00edan reunirse para obedecer el mandato constitucional de reformar el r\u00e9gimen de coparticipaci\u00f3n de impuestos nacionales, pendiente de cumplimiento desde 1996\n<ul>\n<li>\u201cAspectos por considerar para la elaboraci\u00f3n de una nueva ley de coparticipaci\u00f3n federal de impuestos para Argentina\u201d Germ\u00e1n A. L\u00f3pez Toussaint<\/li>\n<\/ul>\n<\/li>\n<\/ol>\n<p>&nbsp;<\/p>\n<p>&nbsp;<\/p>\n<p>&nbsp;<\/p>\n<p>&nbsp;<\/p>\n<p>&nbsp;<\/p>\n","protected":false},"excerpt":{"rendered":"<p>Invitaci\u00f3n a la presentaci\u00f3n del N\u00b090 de la revista\u00a0Voces en el F\u00e9nix: \u00abReforma tributaria: una asignatura pendiente\u00bb &nbsp; Estimadas y estimados: &nbsp; Desde la C\u00e1tedra<\/p>\n","protected":false},"author":6,"featured_media":2802,"comment_status":"closed","ping_status":"closed","sticky":false,"template":"","format":"standard","meta":{"_mi_skip_tracking":false},"categories":[46],"tags":[],"_links":{"self":[{"href":"https:\/\/www.institutoindependencia.com.ar\/index.php?rest_route=\/wp\/v2\/posts\/2801"}],"collection":[{"href":"https:\/\/www.institutoindependencia.com.ar\/index.php?rest_route=\/wp\/v2\/posts"}],"about":[{"href":"https:\/\/www.institutoindependencia.com.ar\/index.php?rest_route=\/wp\/v2\/types\/post"}],"author":[{"embeddable":true,"href":"https:\/\/www.institutoindependencia.com.ar\/index.php?rest_route=\/wp\/v2\/users\/6"}],"replies":[{"embeddable":true,"href":"https:\/\/www.institutoindependencia.com.ar\/index.php?rest_route=%2Fwp%2Fv2%2Fcomments&post=2801"}],"version-history":[{"count":1,"href":"https:\/\/www.institutoindependencia.com.ar\/index.php?rest_route=\/wp\/v2\/posts\/2801\/revisions"}],"predecessor-version":[{"id":2803,"href":"https:\/\/www.institutoindependencia.com.ar\/index.php?rest_route=\/wp\/v2\/posts\/2801\/revisions\/2803"}],"wp:featuredmedia":[{"embeddable":true,"href":"https:\/\/www.institutoindependencia.com.ar\/index.php?rest_route=\/wp\/v2\/media\/2802"}],"wp:attachment":[{"href":"https:\/\/www.institutoindependencia.com.ar\/index.php?rest_route=%2Fwp%2Fv2%2Fmedia&parent=2801"}],"wp:term":[{"taxonomy":"category","embeddable":true,"href":"https:\/\/www.institutoindependencia.com.ar\/index.php?rest_route=%2Fwp%2Fv2%2Fcategories&post=2801"},{"taxonomy":"post_tag","embeddable":true,"href":"https:\/\/www.institutoindependencia.com.ar\/index.php?rest_route=%2Fwp%2Fv2%2Ftags&post=2801"}],"curies":[{"name":"wp","href":"https:\/\/api.w.org\/{rel}","templated":true}]}}