{"id":2913,"date":"2024-03-04T15:26:22","date_gmt":"2024-03-04T12:26:22","guid":{"rendered":"https:\/\/www.institutoindependencia.com.ar\/?p=2913"},"modified":"2024-03-04T21:28:18","modified_gmt":"2024-03-04T18:28:18","slug":"territorio-en-riesgo-por-mariano-pinedo","status":"publish","type":"post","link":"https:\/\/www.institutoindependencia.com.ar\/?p=2913","title":{"rendered":"\u00abTerritorio en riesgo\u00bb, por Mariano Pinedo"},"content":{"rendered":"<h2>\u00a0 \u00a0 \u00a0 \u00a0 \u00a0 \u00a0 \u00a0 \u00a0 \u00a0 \u00a0 \u00a0 \u00a0 \u00a0 \u00a0 \u00a0 \u00a0 \u00a0 \u00a0 \u00a0 \u00a0 \u00a0 \u00a0<strong>Territorio en riesgo<\/strong><\/h2>\n<p>por Mariano Pinedo<\/p>\n<p>&nbsp;<\/p>\n<p>La construcci\u00f3n de una comunidad organizada, justa, soberana en la toma de decisiones, que sea capaz de identificar los propios intereses desde categor\u00edas propias y no desde imposiciones ideol\u00f3gicas o culturales extra\u00f1as, es la motivaci\u00f3n central de todo argentino peronista. En palabras del General Per\u00f3n, ya en el a\u00f1o 1944, el objetivo estrat\u00e9gico de ser\u00a0<em>\u201cel pueblo m\u00e1s feliz de la tierra\u201d<\/em>\u00a0o, como dijo de forma tan po\u00e9tica Leonardo Favio, el reconocimiento personal, existencial, de que no es posible ser feliz en soledad.<\/p>\n<p>La Argentina se debate, desde antes de su nacimiento como Naci\u00f3n independiente, por razones econ\u00f3micas, geopol\u00edticas y evidentemente tambi\u00e9n culturales, entre un proyecto soberanista, de liberaci\u00f3n de toda potencia extranjera, que abreve en las fuentes de una cultura propia, con fuerte protagonismos popular activo y esencialmente democr\u00e1tico y un camino en el cual nuestro rol como Naci\u00f3n y como Pueblo sea ser parte de un mero engranaje del comercio internacional (o lo que es peor, un punto ef\u00edmero del flujo de dinero financiero), cuyas acciones y decisiones est\u00e1n definidas conforme a los intereses que se cocinan en otras latitudes.<\/p>\n<p>El andamiaje discursivo en torno a ambos rumbos es extens\u00edsimo. Cada uno dice defender una forma de progreso para la Naci\u00f3n Argentina y es indudable que los valores que est\u00e1n en pugna saltan a la vista. La capacidad productiva, la creaci\u00f3n de riqueza, el desarrollo desequilibrado y asim\u00e9trico en las distintas regiones de la Patria o la justicia en la distribuci\u00f3n de esa riqueza que cada uno contribuye a crear, son solo algunos aspectos que entran en juego en la disputa cotidiana de esas dos visiones. Por supuesto que el papel que juega la pol\u00edtica, el estado y la organizaci\u00f3n popular e institucional tambi\u00e9n tiene su peso y es fiel de la balanza, pues no se trata solo de una discusi\u00f3n acad\u00e9mica o meramente ideol\u00f3gica, sino que -muy por el contrario- involucra la vida, la cultura y los intereses econ\u00f3micos de quienes son parte protag\u00f3nica de cada regi\u00f3n o territorio de nuestra patria.<\/p>\n<p>Muchas veces fue puesta sobre la mesa esta disyuntiva. No solo, como dec\u00eda, en su aseveraci\u00f3n te\u00f3rica, en seminarios, universidades, ahora en redes o en medios de comunicaci\u00f3n (cuando lo permiten), sino en el terreno de lo pr\u00e1ctico, cuando se toma cada decisi\u00f3n pol\u00edtica, cuando se debate una ley o cuando se asume la responsabilidad de resolver en la realidad de la vida cotidiana la mejor salida a un problema com\u00fan. Pero pocas veces como en estos d\u00edas -aunque hubo algunas anteriores- se pone tan marcadamente en juego la esencia de nuestro proyecto de vida en com\u00fan: la integridad territorial.<\/p>\n<p>La Argentina tiene una historia fuerte. Llena de sue\u00f1os, de logros, de verdaderas epopeyas nacionales. Tambi\u00e9n de desencuentros, violencia y dolor. Pero nadie puede explicar la historia argentina, la historia de nuestro pueblo, sin mencionar que desde 1833 sufrimos en nuestra piel, en nuestra carne, en nuestra sangre, la afrenta de que una potencia colonial usurpe violenta e ilegalmente nuestro territorio y nuestro mar en las Islas Malvinas e islas del Atl\u00e1ntico Sur. Todo el pueblo argentino se siente unido en ese dolor, en ese reclamo y en el sue\u00f1o eterno de recuperar nuestra plena soberan\u00eda sobre dichas islas. La Naci\u00f3n Argentina nunca estar\u00e1 completa, nunca ser\u00e1 lo que est\u00e1 llamada a ser, sin cumplir esa misi\u00f3n.<\/p>\n<p>El territorio nacional, nuestro patrimonio, nuestra tierra, nuestros mares y r\u00edos, nuestro subsuelo y nuestro aire, es parte inescindible de lo que somos como pueblo y cada uno de nosotros como persona, como familia, como barrio o como comunidad. Nos es consustancial. Concebimos eso como carne propia.<\/p>\n<p>Pues bien, la actualidad de los argentinos, merced a gobernantes que han renunciado a identificarse con la historia de su pueblo, que prefieren definirse como meros gerentes de intereses econ\u00f3mico financieros, a quienes su tierra no los ordena, no los une, no los identifica m\u00e1s que para extraer riquezas de su seno y expoliarla, es la de una Naci\u00f3n en riesgo de desintegraci\u00f3n territorial.<\/p>\n<p>Las decisiones diagramadas por la administraci\u00f3n del presidente Milei en la llamada Ley \u00d3mnibus o en el Decreto de Necesidad y Urgencia 70\/2023 orientan el sistema legal a la apertura indiscriminada de la explotaci\u00f3n, la extranjerizaci\u00f3n y la hiper primarizaci\u00f3n de los bienes naturales. Eso significa apertura ilimitada a que los fondos financieros trasnacionales compren tierras, exploten sus recursos, extraigan la riqueza sin generar trabajo local, sin producir transformaciones en el desarrollo regional, sin garantizar alimentos para nuestro pueblo y sin beneficio alguno a los argentinos o argentinas que se encuentran desarrollando o que pueden aspirar a desarrollar su vida en las distintas regiones de la Patria. Inversi\u00f3n sin personas, sin trabajo, sin cuidado del recurso. Una Naci\u00f3n que no cuida su patrimonio solo puede tener como resultado la dependencia.<\/p>\n<p>En paralelo con ese crimen de lesa Patria, que es entregar el manejo irrestricto de nuestros principales recursos a fondos financieros que no tienen Naci\u00f3n y que no respetan ninguna otra l\u00f3gica que no sea la de rendir ganancias extraordinarias a sus accionistas ocultos, el delirio ajustador lleva al Presidente a poner en pr\u00e1ctica su amenaza de matar de hambre y dejar a las provincias sin un peso. Como si las provincias no fueran parte del territorio de nuestra Naci\u00f3n. Como si los hombres y mujeres que constituyen pueblos en nuestras provincias no fueran compatriotas y hermanos nuestros. Detr\u00e1s del ajuste vino el insulto, el apriete, la amenaza y la concreci\u00f3n del da\u00f1o quitando los fondos que son de nuestras provincias para el despliegue de sus pol\u00edticas. Y luego vino la reacci\u00f3n: gobernadores que crean proyectos independentistas, separatistas y, en supuesta defensa de sus administraciones oponen la amenaza de desligarse del destino de la Naci\u00f3n, de privarla de recursos naturales que hacen a la vida del conjunto de los argentinos. Una guerra interna y absurda. Un negocio redondo para quienes sue\u00f1an con dominarnos y expoliarnos. Ponemos en tela de juicio nada menos que la unidad y la integridad territorial. Como si el ejemplo de Malvinas no fuera suficiente muestra de dolor, de laceraci\u00f3n.<\/p>\n<p>Un proyecto ideol\u00f3gico distinto al de uno se puede admitir. Es siempre duro, genera angustias y a nuestro modo de ver, perdidas irreparables. Pero la gente vota y la alternancia es parte de la democracia. Ese no es el problema. Pero sepa el gobierno, sepan los peces gordos que est\u00e1n detr\u00e1s, que mueven las lapiceras de los Caputo y Sturzenegger -antes y despu\u00e9s de que se retiren a las playas caribe\u00f1as o a sus departamentos en Nueva York-, que la colonia no es un proyecto alternativo. La colonia es la contracara existencial al sue\u00f1o argentino. El coloniaje, cuando se explicita, cuando se hace ver tanto, cuando muestra sus tent\u00e1culos de manera tan abierta, es lo que hace que despierte el pueblo argentino, sin medir consecuencias, sin miedo, sin consideraci\u00f3n del tama\u00f1o del oponente, a\u00fan sin dinero, aunque sea \u201cen bolas como nuestros hermanos los indios\u201d. Vamos a defender nuestra integridad territorial, no vamos a caer, no vamos a bajar los brazos y vamos a reconstruir una alternativa popular que va a ser tan potente como merece la hora para -ahora s\u00ed-, ser verdaderamente libres.<\/p>\n<p><strong>Para redireccionar a la fuente original haz <a href=\"https:\/\/iguales.ar\/territorio-en-riesgo\/\">click aqu\u00ed.<\/a><\/strong><\/p>\n","protected":false},"excerpt":{"rendered":"<p>\u00a0 \u00a0 \u00a0 \u00a0 \u00a0 \u00a0 \u00a0 \u00a0 \u00a0 \u00a0 \u00a0 \u00a0 \u00a0 \u00a0 \u00a0 \u00a0 \u00a0 \u00a0 \u00a0 \u00a0 \u00a0 \u00a0Territorio en riesgo por<\/p>\n","protected":false},"author":6,"featured_media":2914,"comment_status":"closed","ping_status":"closed","sticky":false,"template":"","format":"standard","meta":{"_mi_skip_tracking":false},"categories":[55,35],"tags":[],"_links":{"self":[{"href":"https:\/\/www.institutoindependencia.com.ar\/index.php?rest_route=\/wp\/v2\/posts\/2913"}],"collection":[{"href":"https:\/\/www.institutoindependencia.com.ar\/index.php?rest_route=\/wp\/v2\/posts"}],"about":[{"href":"https:\/\/www.institutoindependencia.com.ar\/index.php?rest_route=\/wp\/v2\/types\/post"}],"author":[{"embeddable":true,"href":"https:\/\/www.institutoindependencia.com.ar\/index.php?rest_route=\/wp\/v2\/users\/6"}],"replies":[{"embeddable":true,"href":"https:\/\/www.institutoindependencia.com.ar\/index.php?rest_route=%2Fwp%2Fv2%2Fcomments&post=2913"}],"version-history":[{"count":2,"href":"https:\/\/www.institutoindependencia.com.ar\/index.php?rest_route=\/wp\/v2\/posts\/2913\/revisions"}],"predecessor-version":[{"id":2917,"href":"https:\/\/www.institutoindependencia.com.ar\/index.php?rest_route=\/wp\/v2\/posts\/2913\/revisions\/2917"}],"wp:featuredmedia":[{"embeddable":true,"href":"https:\/\/www.institutoindependencia.com.ar\/index.php?rest_route=\/wp\/v2\/media\/2914"}],"wp:attachment":[{"href":"https:\/\/www.institutoindependencia.com.ar\/index.php?rest_route=%2Fwp%2Fv2%2Fmedia&parent=2913"}],"wp:term":[{"taxonomy":"category","embeddable":true,"href":"https:\/\/www.institutoindependencia.com.ar\/index.php?rest_route=%2Fwp%2Fv2%2Fcategories&post=2913"},{"taxonomy":"post_tag","embeddable":true,"href":"https:\/\/www.institutoindependencia.com.ar\/index.php?rest_route=%2Fwp%2Fv2%2Ftags&post=2913"}],"curies":[{"name":"wp","href":"https:\/\/api.w.org\/{rel}","templated":true}]}}