{"id":2919,"date":"2024-03-05T19:02:44","date_gmt":"2024-03-05T16:02:44","guid":{"rendered":"https:\/\/www.institutoindependencia.com.ar\/?p=2919"},"modified":"2024-03-05T19:02:44","modified_gmt":"2024-03-05T16:02:44","slug":"daniela-bambill-en-un-analisis-sobre-el-discurso-de-milei-el-dnu-la-reestructuracion-del-movimiento-y-el-rol-de-gildo-insfran","status":"publish","type":"post","link":"https:\/\/www.institutoindependencia.com.ar\/?p=2919","title":{"rendered":"Daniela Bambill en un an\u00e1lisis sobre El discurso de Milei, el DNU, la reestructuraci\u00f3n del Movimiento y el rol de Gildo Insfran"},"content":{"rendered":"<p>An\u00e1lisis de Daniela Bambill sobre la realidad nacional en el programa \u00abEn Zoom\u00bb, transmitido por el Canal 3 de Formosa, el 4 de marzo del 2024<\/p>\n<p><iframe loading=\"lazy\" title=\"Daniela Bambill con un an\u00e1lisis sobre la realidad nacional en &quot;En Zoom&quot;\" width=\"640\" height=\"360\" src=\"https:\/\/www.youtube.com\/embed\/xGRE_zakEcE?feature=oembed\" frameborder=\"0\" allow=\"accelerometer; autoplay; clipboard-write; encrypted-media; gyroscope; picture-in-picture; web-share\" allowfullscreen><\/iframe><\/p>\n","protected":false},"excerpt":{"rendered":"<p>An\u00e1lisis de Daniela Bambill sobre la realidad nacional en el programa \u00abEn Zoom\u00bb, transmitido por el Canal 3 de Formosa, el 4 de marzo del<\/p>\n","protected":false},"author":9,"featured_media":2921,"comment_status":"closed","ping_status":"closed","sticky":false,"template":"","format":"standard","meta":{"_mi_skip_tracking":false},"categories":[44,35,34],"tags":[],"_links":{"self":[{"href":"https:\/\/www.institutoindependencia.com.ar\/index.php?rest_route=\/wp\/v2\/posts\/2919"}],"collection":[{"href":"https:\/\/www.institutoindependencia.com.ar\/index.php?rest_route=\/wp\/v2\/posts"}],"about":[{"href":"https:\/\/www.institutoindependencia.com.ar\/index.php?rest_route=\/wp\/v2\/types\/post"}],"author":[{"embeddable":true,"href":"https:\/\/www.institutoindependencia.com.ar\/index.php?rest_route=\/wp\/v2\/users\/9"}],"replies":[{"embeddable":true,"href":"https:\/\/www.institutoindependencia.com.ar\/index.php?rest_route=%2Fwp%2Fv2%2Fcomments&post=2919"}],"version-history":[{"count":2,"href":"https:\/\/www.institutoindependencia.com.ar\/index.php?rest_route=\/wp\/v2\/posts\/2919\/revisions"}],"predecessor-version":[{"id":2923,"href":"https:\/\/www.institutoindependencia.com.ar\/index.php?rest_route=\/wp\/v2\/posts\/2919\/revisions\/2923"}],"wp:featuredmedia":[{"embeddable":true,"href":"https:\/\/www.institutoindependencia.com.ar\/index.php?rest_route=\/wp\/v2\/media\/2921"}],"wp:attachment":[{"href":"https:\/\/www.institutoindependencia.com.ar\/index.php?rest_route=%2Fwp%2Fv2%2Fmedia&parent=2919"}],"wp:term":[{"taxonomy":"category","embeddable":true,"href":"https:\/\/www.institutoindependencia.com.ar\/index.php?rest_route=%2Fwp%2Fv2%2Fcategories&post=2919"},{"taxonomy":"post_tag","embeddable":true,"href":"https:\/\/www.institutoindependencia.com.ar\/index.php?rest_route=%2Fwp%2Fv2%2Ftags&post=2919"}],"curies":[{"name":"wp","href":"https:\/\/api.w.org\/{rel}","templated":true}]}}