{"id":2952,"date":"2024-05-09T18:37:04","date_gmt":"2024-05-09T15:37:04","guid":{"rendered":"https:\/\/www.institutoindependencia.com.ar\/?p=2952"},"modified":"2024-05-09T18:37:04","modified_gmt":"2024-05-09T15:37:04","slug":"reunion-del-instituto-independencia-con-el-gobernador-quintela-2","status":"publish","type":"post","link":"https:\/\/www.institutoindependencia.com.ar\/?p=2952","title":{"rendered":"REUNI\u00d3N DEL INSTITUTO INDEPENDENCIA CON EL GOBERNADOR QUINTELA"},"content":{"rendered":"<p style=\"text-align: left;\">El gobernador de La Rioja recibi\u00f3 al Instituto Independencia: Daniela Bambill, su presidenta, junto a Roberto Feletti, Mariano Pinedo, Antonio Mu\u00f1iz, Javier Araujo y el diputado nacional por Formosa Luis Basterra, miembros de la mesa directiva. Adem\u00e1s estuvieron presentes la diputada nacional por Formosa Graciela Parola y la diputada nacional por La Rioja Gabriela Petrelli.<br \/>\nEl gobernador explic\u00f3 con claridad la necesidad de reconstruir un proyecto de naci\u00f3n desde el peronismo con un trabajo que vincule las experiencias de gesti\u00f3n, representaciones territoriales, sindicales y de varios frentes del movimiento y cuadros pol\u00edticos t\u00e9cnicos de todo el pa\u00eds.<br \/>\nEl esfuerzo del gobernador fue respaldado por los integrantes del Instituto de Independencia como una iniciativa decisiva para la coyuntura que atraviesa la Argentina. Roberto Feletti plante\u00f3 la gravedad que supone el sistema RIGI para consolidar un modelo de producci\u00f3n extractivista de recursos naturales y las fallas del programa de estabilizaci\u00f3n en el corto plazo, pronosticando una grave situaci\u00f3n econ\u00f3mica en el tercer trimestre del a\u00f1o.<br \/>\nLos distintos integrantes del Instituto a su vez aportaron visiones y la necesidad de apoyar resueltamente la tarea que viene desarrollando el gobernador Quintela.<br \/>\nAntonio Mu\u00f1iz por su parte dej\u00f3 especificado que el movimiento existe, que lo que necesitamos es una conducci\u00f3n que colabore a la reconstrucci\u00f3n del mismo.<br \/>\nEn ese sentido, Mariano Pinedo plante\u00f3 la necesidad de sumar pensadores para las las bases de lo que vamos a ofrecerle a la sociedad como peronistas. Javier Araujo plante\u00f3 la necesidad de construir un programa de gobierno.<br \/>\nPor su parte, el diputado Luis Basterra hizo menci\u00f3n a las actividades legislativas que se est\u00e1n llevando adelante y la necesidad de una red entre los gobernadores para llevar a cabo la reconstrucci\u00f3n.<br \/>\nDaniela Bambill puso a disposici\u00f3n el Instituto Independencia como una herramienta de articulaci\u00f3n en la reconstrucci\u00f3n del peronismo y propuso el trabajo conjuntos con los gobernadores desde el Instituto Independencia para la articulaci\u00f3n territorial y de cuadros t\u00e9cnicos.<\/p>\n<p><a href=\"https:\/\/institutoindependencia.com.ar\/wp-content\/uploads\/2024\/05\/WhatsApp-Image-2024-05-08-at-21.50.53.jpeg\"><img loading=\"lazy\" class=\"alignnone size-full wp-image-2953\" src=\"https:\/\/institutoindependencia.com.ar\/wp-content\/uploads\/2024\/05\/WhatsApp-Image-2024-05-08-at-21.50.53.jpeg\" alt=\"\" width=\"1280\" height=\"853\" srcset=\"https:\/\/institutoindependencia.com.ar\/wp-content\/uploads\/2024\/05\/WhatsApp-Image-2024-05-08-at-21.50.53.jpeg 1280w, https:\/\/institutoindependencia.com.ar\/wp-content\/uploads\/2024\/05\/WhatsApp-Image-2024-05-08-at-21.50.53-300x200.jpeg 300w, https:\/\/institutoindependencia.com.ar\/wp-content\/uploads\/2024\/05\/WhatsApp-Image-2024-05-08-at-21.50.53-1024x682.jpeg 1024w, https:\/\/institutoindependencia.com.ar\/wp-content\/uploads\/2024\/05\/WhatsApp-Image-2024-05-08-at-21.50.53-768x512.jpeg 768w, https:\/\/institutoindependencia.com.ar\/wp-content\/uploads\/2024\/05\/WhatsApp-Image-2024-05-08-at-21.50.53-600x400.jpeg 600w\" sizes=\"(max-width: 1280px) 100vw, 1280px\" \/><\/a><\/p>\n","protected":false},"excerpt":{"rendered":"<p>El gobernador de La Rioja recibi\u00f3 al Instituto Independencia: Daniela Bambill, su presidenta, junto a Roberto Feletti, Mariano Pinedo, Antonio Mu\u00f1iz, Javier Araujo y el<\/p>\n","protected":false},"author":6,"featured_media":2955,"comment_status":"closed","ping_status":"closed","sticky":false,"template":"","format":"standard","meta":{"_mi_skip_tracking":false},"categories":[46,53,44,40,39,35,42],"tags":[],"_links":{"self":[{"href":"https:\/\/www.institutoindependencia.com.ar\/index.php?rest_route=\/wp\/v2\/posts\/2952"}],"collection":[{"href":"https:\/\/www.institutoindependencia.com.ar\/index.php?rest_route=\/wp\/v2\/posts"}],"about":[{"href":"https:\/\/www.institutoindependencia.com.ar\/index.php?rest_route=\/wp\/v2\/types\/post"}],"author":[{"embeddable":true,"href":"https:\/\/www.institutoindependencia.com.ar\/index.php?rest_route=\/wp\/v2\/users\/6"}],"replies":[{"embeddable":true,"href":"https:\/\/www.institutoindependencia.com.ar\/index.php?rest_route=%2Fwp%2Fv2%2Fcomments&post=2952"}],"version-history":[{"count":2,"href":"https:\/\/www.institutoindependencia.com.ar\/index.php?rest_route=\/wp\/v2\/posts\/2952\/revisions"}],"predecessor-version":[{"id":2957,"href":"https:\/\/www.institutoindependencia.com.ar\/index.php?rest_route=\/wp\/v2\/posts\/2952\/revisions\/2957"}],"wp:featuredmedia":[{"embeddable":true,"href":"https:\/\/www.institutoindependencia.com.ar\/index.php?rest_route=\/wp\/v2\/media\/2955"}],"wp:attachment":[{"href":"https:\/\/www.institutoindependencia.com.ar\/index.php?rest_route=%2Fwp%2Fv2%2Fmedia&parent=2952"}],"wp:term":[{"taxonomy":"category","embeddable":true,"href":"https:\/\/www.institutoindependencia.com.ar\/index.php?rest_route=%2Fwp%2Fv2%2Fcategories&post=2952"},{"taxonomy":"post_tag","embeddable":true,"href":"https:\/\/www.institutoindependencia.com.ar\/index.php?rest_route=%2Fwp%2Fv2%2Ftags&post=2952"}],"curies":[{"name":"wp","href":"https:\/\/api.w.org\/{rel}","templated":true}]}}