{"id":3024,"date":"2024-10-22T00:24:56","date_gmt":"2024-10-21T21:24:56","guid":{"rendered":"https:\/\/www.institutoindependencia.com.ar\/?p=3024"},"modified":"2024-10-22T00:25:20","modified_gmt":"2024-10-21T21:25:20","slug":"formula-denuncia-por-incitacion-al-odio-segundo-parrafo-articulo-3-ley-23-592-e-incumplimiento-a-los-deberes-de-funcionario-publico-art-248-cp","status":"publish","type":"post","link":"https:\/\/www.institutoindependencia.com.ar\/?p=3024","title":{"rendered":"FORMULA DENUNCIA POR INCITACI\u00d3N AL ODIO (SEGUNDO P\u00c1RRAFO ART\u00cdCULO 3 LEY 23.592) E INCUMPLIMIENTO A LOS DEBERES DE FUNCIONARIO P\u00daBLICO (ART 248 CP)"},"content":{"rendered":"<p>FORMULA DENUNCIA POR INCITACI\u00d3N AL ODIO (SEGUNDO P\u00c1RRAFO ART\u00cdCULO 3 LEY 23.592) E INCUMPLIMIENTO A LOS DEBERES DE FUNCIONARIO P\u00daBLICO (ART 248 CP)<\/p>\n<p>SE\u00d1OR TITULAR OFICINA ANTICORRUPCI\u00d3N<\/p>\n<p>DR. ALEJANDRO MELIK<\/p>\n<p>SE\u00d1OR TITULAR PROCURADURIA DE INVESTIGACIONES ADMINISTRATIVAS DR. SERGIO RODRIGUEZ<\/p>\n<p>1. Apersonamiento<\/p>\n<p>Daniela Alejandra Bambill, DNI 22202178, en mi calidad de Presidenta del Instituto Independencia, Asociaci\u00f3n Civil CUIT 30717355608, Mariano Pinedo, DNI 21072492 en mi car\u00e1cter de Tesorero de la Instituci\u00f3n mencionada, Raul Javier Araujo, DNI 14 842549, en mi car\u00e1cter de Secretario del Instituto Independencia. Constituyendo domicilio en Bartolom\u00e9 Mitre 1895 2 piso of d y domicilio electr\u00f3nico en independenciaok@gmail.com manifestamos:<\/p>\n<p>2. Objeto<\/p>\n<p>Que venimos por este acto, en virtud de lo establecido en la ley 25.233 y los art\u00edculos 26,45, 50 de la ley 24.946, a realizar denuncia contra el Lic. Javier Milei, Presidente de la Naci\u00f3n, por los delitos previstos y penadosen el segundo p\u00e1rrafo del art\u00edculo 3 de laley 23592 (incitaci\u00f3n al odio); en subsidio los art\u00edculos 212 (Incitaci\u00f3n a la violencia colectiva) y 213 (Apolog\u00eda del crimen) del CP; y por el art\u00edculo 248 del CP, (incumplimiento a los deberes de funcionario p\u00fablico); dada su conducta manifiestamente violatoria de la Constituci\u00f3n Nacional (CN), La Ley contra actos discriminatorios 223.592 y la Ley 25.188 de \u00c9tica en la Funci\u00f3n P\u00fablica (LEFP)<\/p>\n<p>3. Fundamentos.<\/p>\n<p>3.1. Incitaci\u00f3n al odio. Con fecha 20\/10\/2024 se hizo p\u00fablica una entrevista otorgada por el Lic. Javier Milei al periodista Franco Meruriali para la se\u00f1al TN Noticias. Adjuntamos link. Entre la serie de descalificaciones e insultos que despleg\u00f3 contra representantes electos del pueblo, en miembros de la oposici\u00f3n, periodistas, docentes y estudiantes de las Universidades Nacionales, agravando esta l\u00ednea de violencia verbal, entre los minutos 35:56 y el minuto 36:04 se escucha a quien ejerce la presidencia de la Naci\u00f3n decir, desde su despacho p\u00fablico, la siguiente frase:<\/p>\n<p><em>\u00ab&#8230;tambi\u00e9n hay una parte de morbo&#8230;y que me encantar\u00eda meterle el \u00faltimo clavo al caj\u00f3n del kirchnerismo con Cristina adentro\u00bb <\/em><\/p>\n<p>En cualquier \u00e1mbito y proferido por cualquier ciudadano, estos dichos son acabada expresi\u00f3n violenta que incita al odio. M\u00e1xime cuando quien lo articula es el Presidente de la Naci\u00f3n, desde su propio despacho.<\/p>\n<p>Entendamos que para la RAE \u201cmorbo \u201ces una enfermedad o inter\u00e9s malsano por personas o cosas, o el atractivo propio de lo turbio, lo prohibido o escabroso. La oraci\u00f3n del Lic. Javier Milei exalta entonces el encanto por lo enfermizo, por la turbiedad de aniquilar a las dos veces Presidenta de la Naci\u00f3n y Vicepresidenta. O simplemente, la muerte de una ciudadana y el grupo de personas por causa de sus ideas pol\u00edticas.<\/p>\n<p>Se podr\u00eda alegar que la aniquilaci\u00f3n propuesta por el Presidente es metaf\u00f3rica. Met\u00e1fora es, siempre siguiendo a la RAE, la traslaci\u00f3n de un sentido recto a otro figurado. Pero si nos detenemos en la etimolog\u00eda de la palabra tenemos que:<\/p>\n<p><em>\u201cEl sustantivo \u2018met\u00e1fora\u2019 procede del latino metaph\u014fra, y este del verbo griego \u03bc\u03b5\u03c4\u03b1\u03c6\u03b5\u03c1\u03c9 que significa llevar a otra parte, transportar, trasladar, transferir, cambiar, mudar, trocar, confundir, enredar&#8230; \u201d<\/em>1<\/p>\n<p>De confundir o enredar puede surgir lo inesperado. O lo deliberadamente esperado. Porque los genocidios se construyeron culturalmente propalando met\u00e1foras biol\u00f3gicas peyorativas, como llamar a los jud\u00edos\u201cratas\u201d durante el Holocausto, o en nuestro pa\u00eds el invocar la necesidad de extirpar los tejidos enfermos para evitar un proceso infeccioso irreversible en la sociedad. Algo arg\u00fcido por el Proceso de Reorganizaci\u00f3n Nacional para justificar la desaparici\u00f3n forzada de personas2.<\/p>\n<p>Las expresiones del Presidente pueden considerarse proto- homicidas. Porque funcionan como tal, ya que se refieren a una persona que fue v\u00edctima de una tentativa de homicidio agravado por odio pol\u00edtico y genero (femicidio). Por esto solo seria plausible imputar lainstigaci\u00f3n del 209 CP. Basta ver los comentarios en el foro del video del reportaje que adjuntamos, para acreditar los efectos de lo que dijo el Presidente. No obstante, esto lo determinar\u00e1 el Se\u00f1or Fiscal. Ac\u00e1 nosotros nos limitamos a denunciar lo indudable, que es la incitaci\u00f3n al odio en el discurso del presidente. Lo que est\u00e1 previsto y penado por el segundo p\u00e1rrafo del art\u00edculo 3 de la ley 23592, el que dispone:<\/p>\n<p><em>\u201cSer\u00e1n reprimidos con prisi\u00f3n de un mes a tres a\u00f1os los que participaren en una organizaci\u00f3n o realizaren propaganda basados en ideas o teor\u00edas de superioridad de una raza o de un grupo de personas de determinada religi\u00f3n, origen \u00e9tnico o color, que tengan por objeto la justificaci\u00f3n o promoci\u00f3n de la discriminaci\u00f3n racial o religiosa en cualquier forma. <\/em><em>En igual pena incurrir\u00e1n quienes por cualquier medio alentaren o incitaren a la persecuci\u00f3n o el odio contra una persona o grupos de personas a causa de su raza, religi\u00f3n, nacionalidad o ideas pol\u00edticas.\u201d<\/em><\/p>\n<p>Karl Popper plantea el razonamiento (aparentemente paradojal) de que, si una sociedad es ilimitadamente tolerante, su capacidad de ser tolerante finalmente ser\u00e1 reducida o destruida por los intolerantes. Arriba as\u00ed a la conclusi\u00f3n de que para mantener una sociedad tolerante, hay que ser intolerante con la intolerancia3. Mucho m\u00e1s cuando esta intolerancia necr\u00f3fila y morbosa proviene del primer mandatario\u2026 y \u00e9l mismo la reconoce como tal. \u00bfC\u00f3mo decodificar\u00e1, en la era de las redes sin mediaci\u00f3n, \u00e9ste mensaje parte del p\u00fablico en general? El 1 de septiembre de 2022 ya nos ha dado una muestra de c\u00f3mo lo decodifica.<\/p>\n<p>Los tratados internacionales imponen a la Argentina a tomar medidas contra la apolog\u00eda del odio o la difusi\u00f3n de ideas basadas en el odio. La legislaci\u00f3n existe y est\u00e1 dada por la Ley 23.592, y los art\u00edculos 212 y 213 del CP4. Solo hay que aplicarla.<\/p>\n<p>3.2. Incumplimiento a los deberes de funcionario p\u00fablico<\/p>\n<p>El inciso a del art\u00edculo 2 de la Ley 25.188 de \u00c9tica en la Funci\u00f3n P\u00fablica (LEFP) consagra que lo funcionarios comprendidos (y el presidente lo es) deben \u201cDesempe\u00f1arse con la observancia y respeto de los principios y pautas \u00e9ticas establecidas en la presente ley: honestidad, probidad, rectitud, buena fe y austeridad republicana.\u201d<\/p>\n<p>Manifestar de manera laudatoria p\u00fablicamente el goce morboso por la desaparici\u00f3n de una opositora y de la corriente de pensamiento pol\u00edtica y\u00a0 democr\u00e1ticaen donde ella se inscribe, violenta el principio la LEFP de obligatorio acatamiento. De lo que tenemos al Presidente incurso en el incumplimiento a los deberes de funcionario p\u00fablico del 248 del CP que establece:<\/p>\n<p><em>\u201cSer\u00e1 reprimido con prisi\u00f3n de un mes a dos a\u00f1os e inhabilitaci\u00f3n especial por doble tiempo, el funcionario p\u00fablico que dictare resoluciones u \u00f3rdenes contrarias a las constituciones o leyes nacionales o provinciales o ejecutare las \u00f3rdenes o resoluciones de esta clase existentes o no ejecutare las leyes cuyo cumplimiento le incumbiere\u201d<\/em><\/p>\n<p>Pero en este alzamiento deliberado contra la LEFP hay m\u00e1s.<\/p>\n<p>3.3. La proclama por la destrucci\u00f3n del Estado Argentino.<\/p>\n<p>El Estado es una forma de relacionamiento de la sociedad, consistente en institucionalizar la interacci\u00f3n en una comunidad en los asuntos que importan a la coexistencia social. Esto se produce a trav\u00e9s de normas cuya aplicaci\u00f3n se encomiendan voluntaria y libremente a determinados miembros de esa comunidad, bajo el escrutinio y control de todos los ciudadanos. Luis S\u00e1nchez Agesta define al Estado como la organizaci\u00f3n de un grupo social, establemente asentado en un territorio determinado, mediante un orden jur\u00eddico servido por un cuerpo de funcionarios y definido y garantizado por un poder jur\u00eddico aut\u00f3nomo y centralizado que tiende a realizar el bien com\u00fan\u201d5.<\/p>\n<p>Cuando el Estado se organiza a partir de un Pacto Fundamental que instituye las prerrogativas y garant\u00edas de sus ciudadanos, a la vez que organiza a las autoridades que velaran por el cumplimiento de \u00e9stas, consagrando la supremac\u00eda de la norma por sobre el parecer coyuntural de los individuos, estaremos ante un Estado Constitucional de Derecho. Como es el que rige actualmente en nuestro pa\u00eds.<\/p>\n<p>Luego de un largo camino de debate, luchas y formaci\u00f3n de acuerdos, arribamos con la incorporaci\u00f3n del art\u00edculo 14 bis a la Constituci\u00f3n Nacional a un Estado Constitucional y Social de Derecho. Con la reforma del a\u00f1o 1994 y el art\u00edculo 75 inciso 22, al Estado Constitucional y Convencional de Derecho6. Con la noci\u00f3n de Justicia Social incorporada en el art\u00edculo 75 inciso 19, al Estado Constitucional, Convencional, Social y Democr\u00e1tico de Derecho.<\/p>\n<p>Todo esto es el Estado argentino. Nuestra Naci\u00f3n jur\u00eddicamente organizada en la Constituci\u00f3n Nacional. Es por ello que el Presidente, el Jefe Supremo de la Naci\u00f3n, Jefe del gobierno y Responsable pol\u00edtico de la administraci\u00f3n general del pa\u00eds (art\u00edculo 99 inciso 1 CN) al tomar posesi\u00f3n debe jurar ante el Congreso reunido en Asamblea, el \u00abdesempe\u00f1ar con lealtad y patriotismo el cargo de Presidente de la Naci\u00f3n y observar y hacer observar fielmente la Constituci\u00f3n de la Naci\u00f3n Argentina\u201d. (Art\u00edculo 93 CN).<\/p>\n<p>El Presidente de la Naci\u00f3n actual, Lic. Javier Milei, jur\u00f3 observar y hacer observar fielmente CN ante la Asamblea Legislativa el 10 de diciembre de 2023 en el hemiciclo de la C\u00e1mara de Diputados de la Naci\u00f3n. Se acompa\u00f1a registro filmogr\u00e1fico como prueba.<\/p>\n<p>Pero luego, ante un medio masivo de comunicaci\u00f3n extranjera, confiesa p\u00fablicamente que lo hizo para destruir el Estado. Se\u00f1ala que <em>\u00ab&#8230;amo ser el topo dentro del Estado, soy el que destruye el Estado desde adentro, es como estar infiltrado en las filas enemigas, es decir, la reforma del Estado la tiene que hacer alguien que odie el Estado, y yo odio tanto al Estado, que estoy dispuesto a soportar todo tipo de mentiras, calumnias, injurias (&#8230;) con tal de destruir al Estado\u201d.<\/em><\/p>\n<p>Al margen de las responsabilidades pol\u00edticas que recaen en el defraudar al electorado, haci\u00e9ndose elegir para la conducci\u00f3n de algo que no desea liderar sino destruir, surgen de esta confesi\u00f3n (probatio probatissima) responsabilidades penales.<\/p>\n<p>3.4. Otra vez la \u00c9tica P\u00fablica mancillada.<\/p>\n<p>Sin bien nuestro digesto penal no pune el perjurio del Presidente, hay un claro apartamiento a la ley. Nos referimos al art\u00edculo 2 de la Ley LEFP. El citado apartado en su inciso a) establece la obligaci\u00f3n de cumplir y hacer cumplir la CN y defender e sistema republicano democr\u00e1tico de gobierno. El destruir al Estado, transgredir\u00eda esto en el m\u00e1s benigno de los supuestos. El inciso e) ordena velar en todos los actos por los interesesdel Estado. Lo que estar\u00eda re\u00f1ido con destruirlo.<\/p>\n<p>Las mandas de la Ley e \u00c9tica P\u00fablicahan sido soslayadas expresa y expl\u00edcitamente por el Lic. Javier Milei en el ejercicio del cargo de Presidente de la Naci\u00f3n Argentina, acorde a la prueba confesional voluntariamente brindada en su relato. Esto lo deja incurso en la tipicidad del 248 CP.<\/p>\n<p>4. Ofrece Prueba<\/p>\n<p>4.1. Registro video gr\u00e1fico<br \/>\n\u2022Video donde el Lic. Javier Milei insulta a opositores, acad\u00e9micos, estudiantes y periodistas y declara su goce morboso por la eventual desaparici\u00f3n de las dos veces Presidenta de la Naci\u00f3n y ex Vice Presidenta Cristina Fern\u00e1ndez de Kirchner.<br \/>\n<iframe loading=\"lazy\" title=\"Javier Milei: \u201cMe encantar\u00eda meterle el \u00faltimo clavo al caj\u00f3n del kirchnerismo con Cristina adentro\u201d\" width=\"640\" height=\"360\" src=\"https:\/\/www.youtube.com\/embed\/Tm2WPylsbDk?feature=oembed\" frameborder=\"0\" allow=\"accelerometer; autoplay; clipboard-write; encrypted-media; gyroscope; picture-in-picture; web-share\" referrerpolicy=\"strict-origin-when-cross-origin\" allowfullscreen><\/iframe><br \/>\n\u2022Video de jura del Lic. Javier Milei al asumir la presidencia de la Naci\u00f3n.<br \/>\n<iframe loading=\"lazy\" title=\"Javier Milei jura como presidente de Argentina\" width=\"640\" height=\"360\" src=\"https:\/\/www.youtube.com\/embed\/T9qh-4QAmt0?feature=oembed\" frameborder=\"0\" allow=\"accelerometer; autoplay; clipboard-write; encrypted-media; gyroscope; picture-in-picture; web-share\" referrerpolicy=\"strict-origin-when-cross-origin\" allowfullscreen><\/iframe><br \/>\n\u2022 Video donde el Lic. Javier Milei proclama su intenci\u00f3n de destruir al Estado.<br \/>\n<iframe loading=\"lazy\" title=\"Milei dijo que ama ser el topo que destruye el Estado desde\u00a0adentro\" width=\"640\" height=\"360\" src=\"https:\/\/www.youtube.com\/embed\/INeuEL8vtCU?feature=oembed\" frameborder=\"0\" allow=\"accelerometer; autoplay; clipboard-write; encrypted-media; gyroscope; picture-in-picture; web-share\" referrerpolicy=\"strict-origin-when-cross-origin\" allowfullscreen><\/iframe><\/p>\n<p>5. Petitorio<\/p>\n<p>\u2022Se tenga por presentada denuncia.<br \/>\n\u2022 Por presenta la prueba.<br \/>\n\u2022 Oportunamente se implemente el procedimiento de los art\u00edculos 26,45, 50 de la ley 24.946.<br \/>\n\u2022 Se inicie la pertinente investigaci\u00f3n\/instrucci\u00f3n penal.<br \/>\nProv\u00e9ase de conformidad<br \/>\nJUSTICIA<\/p>\n<p>&nbsp;<\/p>\n<p>1BOQUERA MATARREDONA, M. (2005): Las met\u00e1foras en textos de ingenieria civil: estudio contrastivo espa\u00f1ol-ingl\u00e9s. Valencia, Servei de Publicacions, Universitat de Valencia. Disponible en URL: http:\/\/www.tesisenxarxa.net\/TDX-0628106-133151\/, consultado el 21\/10\/2024<br \/>\n2 IAZZETTA, M, (2013) Genealog\u00eda de las met\u00e1foras biol\u00f3gicas utilizadas para representar al \u201cenemigo subversivo\u201d. Violencia y pol\u00edtica durante el Golpe de Estado de 1976 en Argentina en Espacio Abierto Cuaderno Venezolano de Sociolog\u00eda Vol. 22 No. 3 (julio-septiembre, 2013): 733 &#8211; 751<\/p>\n<p>3POPPER, K, (2015) La sociedad abierta y sus enemigos,M\u00e9xico, Titivillus.<br \/>\n4 RICHTER, A,(2022) El discurso del odio \u00bfuna acci\u00f3n penalmente relevante? en Revista del Pensamiento Penal, N\u00b0 438, septiembre, disponible en internet https:\/\/www.pensamientopenal.com.ar\/doctrina\/90367-discurso-del-odio-accion-penalmente-relevante , consultado el 21\/10\/2024<\/p>\n<p>5 S\u00c1NCHEZ AGESTA, L., (1985), La Constituci\u00f3n de 1876 y el Estado de la Restauraci\u00f3n, Madrid, Fundaci\u00f3n Santa Mar\u00eda.<\/p>\n<p>6LA TORRE, C. (2016) \u201cEstado constitucional, convencional, democr\u00e1tico y social\u2026\u201d, Lecciones y Ensayos, Nro 97, pp. 145-173, Buenos Aires, Facutad de Derecho y Ciencias Sociales.<\/p>\n","protected":false},"excerpt":{"rendered":"<p>FORMULA DENUNCIA POR INCITACI\u00d3N AL ODIO (SEGUNDO P\u00c1RRAFO ART\u00cdCULO 3 LEY 23.592) E INCUMPLIMIENTO A LOS DEBERES DE FUNCIONARIO P\u00daBLICO (ART 248 CP) SE\u00d1OR TITULAR<\/p>\n","protected":false},"author":10,"featured_media":0,"comment_status":"open","ping_status":"closed","sticky":false,"template":"","format":"standard","meta":{"_mi_skip_tracking":false},"categories":[46,1,52,53,47,44,45,71,34],"tags":[],"_links":{"self":[{"href":"https:\/\/www.institutoindependencia.com.ar\/index.php?rest_route=\/wp\/v2\/posts\/3024"}],"collection":[{"href":"https:\/\/www.institutoindependencia.com.ar\/index.php?rest_route=\/wp\/v2\/posts"}],"about":[{"href":"https:\/\/www.institutoindependencia.com.ar\/index.php?rest_route=\/wp\/v2\/types\/post"}],"author":[{"embeddable":true,"href":"https:\/\/www.institutoindependencia.com.ar\/index.php?rest_route=\/wp\/v2\/users\/10"}],"replies":[{"embeddable":true,"href":"https:\/\/www.institutoindependencia.com.ar\/index.php?rest_route=%2Fwp%2Fv2%2Fcomments&post=3024"}],"version-history":[{"count":2,"href":"https:\/\/www.institutoindependencia.com.ar\/index.php?rest_route=\/wp\/v2\/posts\/3024\/revisions"}],"predecessor-version":[{"id":3027,"href":"https:\/\/www.institutoindependencia.com.ar\/index.php?rest_route=\/wp\/v2\/posts\/3024\/revisions\/3027"}],"wp:attachment":[{"href":"https:\/\/www.institutoindependencia.com.ar\/index.php?rest_route=%2Fwp%2Fv2%2Fmedia&parent=3024"}],"wp:term":[{"taxonomy":"category","embeddable":true,"href":"https:\/\/www.institutoindependencia.com.ar\/index.php?rest_route=%2Fwp%2Fv2%2Fcategories&post=3024"},{"taxonomy":"post_tag","embeddable":true,"href":"https:\/\/www.institutoindependencia.com.ar\/index.php?rest_route=%2Fwp%2Fv2%2Ftags&post=3024"}],"curies":[{"name":"wp","href":"https:\/\/api.w.org\/{rel}","templated":true}]}}