{"id":3158,"date":"2026-09-04T11:38:23","date_gmt":"2026-09-04T08:38:23","guid":{"rendered":"https:\/\/www.institutoindependencia.com.ar\/?p=3158"},"modified":"2026-09-04T17:38:43","modified_gmt":"2026-09-04T14:38:43","slug":"el-atlantico-sur-en-disputa-por-antonio-muniz","status":"publish","type":"post","link":"https:\/\/www.institutoindependencia.com.ar\/?p=3158","title":{"rendered":"\u00abEl Atl\u00e1ntico Sur en disputa\u00bb, por Antonio Mu\u00f1iz"},"content":{"rendered":"<p><a href=\"https:\/\/datapoliticayeconomica.com.ar\/2026\/09\/04\/el-atlantico-sur-en-disputa\/\">LE\u00c9 LA NOTA AC\u00c1<\/a><\/p>\n<p style=\"text-align: right;\">Publicado por Data Pol\u00edtica y Econ\u00f3mica, 4 de Septiembre 2026.<\/p>\n","protected":false},"excerpt":{"rendered":"<p>LE\u00c9 LA NOTA AC\u00c1 Publicado por Data Pol\u00edtica y Econ\u00f3mica, 4 de Septiembre 2026.<\/p>\n","protected":false},"author":6,"featured_media":3159,"comment_status":"closed","ping_status":"closed","sticky":false,"template":"","format":"standard","meta":{"_mi_skip_tracking":false},"categories":[65],"tags":[],"_links":{"self":[{"href":"https:\/\/www.institutoindependencia.com.ar\/index.php?rest_route=\/wp\/v2\/posts\/3158"}],"collection":[{"href":"https:\/\/www.institutoindependencia.com.ar\/index.php?rest_route=\/wp\/v2\/posts"}],"about":[{"href":"https:\/\/www.institutoindependencia.com.ar\/index.php?rest_route=\/wp\/v2\/types\/post"}],"author":[{"embeddable":true,"href":"https:\/\/www.institutoindependencia.com.ar\/index.php?rest_route=\/wp\/v2\/users\/6"}],"replies":[{"embeddable":true,"href":"https:\/\/www.institutoindependencia.com.ar\/index.php?rest_route=%2Fwp%2Fv2%2Fcomments&post=3158"}],"version-history":[{"count":1,"href":"https:\/\/www.institutoindependencia.com.ar\/index.php?rest_route=\/wp\/v2\/posts\/3158\/revisions"}],"predecessor-version":[{"id":3160,"href":"https:\/\/www.institutoindependencia.com.ar\/index.php?rest_route=\/wp\/v2\/posts\/3158\/revisions\/3160"}],"wp:featuredmedia":[{"embeddable":true,"href":"https:\/\/www.institutoindependencia.com.ar\/index.php?rest_route=\/wp\/v2\/media\/3159"}],"wp:attachment":[{"href":"https:\/\/www.institutoindependencia.com.ar\/index.php?rest_route=%2Fwp%2Fv2%2Fmedia&parent=3158"}],"wp:term":[{"taxonomy":"category","embeddable":true,"href":"https:\/\/www.institutoindependencia.com.ar\/index.php?rest_route=%2Fwp%2Fv2%2Fcategories&post=3158"},{"taxonomy":"post_tag","embeddable":true,"href":"https:\/\/www.institutoindependencia.com.ar\/index.php?rest_route=%2Fwp%2Fv2%2Ftags&post=3158"}],"curies":[{"name":"wp","href":"https:\/\/api.w.org\/{rel}","templated":true}]}}