{"id":456,"date":"2017-03-08T05:41:12","date_gmt":"2017-03-08T02:41:12","guid":{"rendered":"http:\/\/www.independenciaideas.com.ar\/?p=456"},"modified":"2020-04-08T20:35:19","modified_gmt":"2020-04-08T17:35:19","slug":"las-dos-grandes-movilizaciones-de-los-asalariados","status":"publish","type":"post","link":"https:\/\/www.institutoindependencia.com.ar\/?p=456","title":{"rendered":"Las dos grandes movilizaciones de los asalariados"},"content":{"rendered":"<p>Han pasado 24 horas de la masiva convocatoria de la CGT y las CTA, en repudio de las pol\u00edticas econ\u00f3micas y sociales del gobierno. 500.000 compatriotas ocuparon los alrededores de la Plaza de Mayo y las fotos, las filmaciones y hasta los informes de los medios oficialistas son testimonio de la contundencia de la demostraci\u00f3n.<\/p>\n<p>La huelga y la marcha docente<\/p>\n<p>El alto acatamiento al paro docente y la presencia en las calles de los gremios del magisterio, el d\u00eda 6 de marzo, produjo una primera e importante derrota a la t\u00e1ctica del gobierno. Sus asesores publicitarios pensaron que una huelga y una demostraci\u00f3n pod\u00eda ser contrarrestada con las triqui\u00f1uelas y manipulaciones de una campa\u00f1a electoral, donde las motivaciones del voto son diversas hasta la infinitud y donde el votante es un individuo aislado en el cuarto oscuro. Pusieron, entonces, en el centro de su dispositivo la imagen -la imagen en su sentido m\u00e1s estricto, una fotograf\u00eda- de uno de los dirigentes docentes, el compa\u00f1ero Roberto Baradel, y contra \u00e9l lanzaron su artiller\u00eda de injurias, calumnias, sospechas y prejuicios. Y actuaron en el error de considerar que el sistema de representatividad de los sectores sindicalizados docentes era similar al de los sectores sindicalizados de los trabajadores industriales donde el conjunto de los afiliados y representados otorga un amplio margen de delegaci\u00f3n a los dirigentes sindicales, concentrando en la figura del secretario general la representaci\u00f3n del conjunto.<\/p>\n<p>Pero ocurre, por un lado, que la adhesi\u00f3n a una huelga y a una convocatoria a una manifestaci\u00f3n p\u00fablica no tiene los mismos mecanismos que una elecci\u00f3n. La decisi\u00f3n no es tomada individualmente en la soledad del cuarto oscuro, sino en asambleas, en reuniones colectivas, en compromisos frente a frente con sus pares, en un sistema de lealtades ante reclamos muy espec\u00edficos y concretos. No est\u00e1n en juego valores abstractos como la democracia, el tipo de gobierno, el programa partidario o la capacidad de convicci\u00f3n de un determinado candidato, sino el monto del salario que cada uno de los trabajadores recibir\u00e1 a fin de mes. En eso influye, poco o nada, la \u201cimagen\u201d de un dirigente individualmente considerado. No est\u00e1 en juego si ese dirigente ser\u00e1 capaz de llevar a cabo la reivindicaci\u00f3n, sino la reivindicaci\u00f3n misma. El penoso espect\u00e1culo de comunicadores televisivos y radiales intentando desprestigiar, con actitudes rayanas en la delaci\u00f3n y en la amenaza al dirigente Baradel la noche antes de la huelga docente solo sirvi\u00f3 para comprobar la miserable catadura moral de dichos cagatintas. Los docentes no hab\u00edan decidido ir a la huelga y a la marcha seducidos por el dirigente ya aludido, ni era de su inter\u00e9s que el mismo tuviese o no una excelente performance en sus estudios como maestro. Baradel pod\u00eda muy bien no haber pisado una escuela en su vida. El reclamo de una paritaria nacional, fijada obligatoriamente por la ley, era la condici\u00f3n necesaria para comprometer al gobierno nacional en cualquier decisi\u00f3n que se tomase en las paritarias por provincia y el monto final del aumento era la \u00fanica y exclusiva finalidad de la medida.<\/p>\n<p>Pero, por otro lado, los gremios del sector docente son muchos, tienen distintos dirigentes y orientaciones pol\u00edticas y todos ellos est\u00e1n caracterizados por una conducci\u00f3n muy cercana a los afiliados, con asambleas y reuniones distritales y por escuela, en una tradici\u00f3n gremial que es distinta -ni mejor ni peor, distinta- a la de los gremios industriales y de servicios. Incluso, la vieja y liberal tradici\u00f3n sarmientina y el papel de apostolado con que ha recubierto de prestigio moral al magisterio subyace en su modo de representaci\u00f3n gremial.<\/p>\n<p>El resultado fue, entonces, una derrota estrepitosa del gobierno y de su t\u00e1ctica de cu\u00f1o canero. Y all\u00e1 qued\u00f3 el presidente Macri inaugurando el ciclo lectivo en un pueblito de la provincia de Jujuy, donde las clases no comenzaron por el alto grado de adhesi\u00f3n a la huelga. La jitanj\u00e1fora con la que cerro su discurso sintetiza, mejor que nada, el naufragio intelectual y pol\u00edtico del presidente. Vale la pena su transcripci\u00f3n completa, porque posiblemente no se encuentre antecedente alguno de semejante oquedad en ning\u00fan presidente, constitucional o no, de la historia argentina:<\/p>\n<p>\u201cComo dec\u00eda Gandhi profesor, ya que usted cit\u00f3 otro, que para m\u00ed hay la persona, un l\u00edder que influy\u00f3 mucho en mi vida: tenemos que ser la reforma, tenemos que ser la sociedad que queremos que exista en el mundo, tenemos que hacerla nosotros, cada uno de nosotros y expresarla la verdad y eso, justamente, parte de decirnos la verdad\u201d.<\/p>\n<p>La gran concentraci\u00f3n de trabajadores y pueblo del 7 de Marzo<\/p>\n<p>Coincidimos con Gabriel Fern\u00e1ndez en su nota CGT \/ Masivo rechazo al gobierno, demasiados interrogantes internos (<a href=\"http:\/\/www.lase\u00f1almedios.com.ar\/2017\/03\/08\/cgt-masivo-rechazo-al-gobierno-demasiados-interrogantes-internos\/\">http:\/\/www.xn\u2014lasealmedios-dhb.com.ar\/2017\/03\/08\/cgt-masivo-rechazo-al-gobierno-demasiados-interrogantes-internos\/<\/a>):<\/p>\n<p>\u201cEl movimiento obrero argentino brind\u00f3 este martes una extraordinaria demostraci\u00f3n de fuerza en oposici\u00f3n a la pol\u00edtica econ\u00f3mica del gobierno macrista. M\u00e1s de medio mill\u00f3n de personas se movilizaron hacia el Ministerio de Industria, cerca de la Plaza de Mayo, para rechazar la apertura econ\u00f3mica, el techo a las negociaciones paritarias, la ca\u00edda del poder adquisitivo y la desindustrializaci\u00f3n en general.<\/p>\n<p>La convocatoria surgi\u00f3 de los sindicatos industriales de la Confederaci\u00f3n General del Trabajo, con un fuerte impulso de los nucleados en la Corriente Federal de Trabajadores. Esta demanda fue adoptada como propia por la totalidad de la central y mereci\u00f3 la adhesi\u00f3n de las dos vertientes de la CTA. Junto a organizaciones sociales y pol\u00edticas populares, llevaron adelante una de las jornadas de protesta m\u00e1s importantes de la historia\u201d.<\/p>\n<p>El triunvirato provisional que conduce la CGT convoc\u00f3 a esta gran asamblea y su llamamiento super\u00f3 ampliamente los objetivos iniciales. A las inmensas columnas de trabajadores alineados en sus organizaciones, se sumaron, por un lado, amplios sectores populares, de clase media y media baja, columnas del conurbano, sobre todo de la zona sur, agrupaciones pol\u00edticas y miles y miles de hombres y mujeres que por su cuenta se acercaron a la cita.<\/p>\n<p>El lugar elegido por los organizadores dej\u00f3 claro desde el principio que se intentaba bajar el contenido de la protesta. En un espacio lateral a la Plaza de Mayo y su gran v\u00eda de acceso, formada por las avenidas de Mayo y las dos Diagonales, rodeada de calles estrechas y trasnversales, muchas de ellas bloqueadas por obras, la inmensa multitud corri\u00f3 riesgos de que un peque\u00f1o incidente o desmadre se convirtiese en un desastre. Un eventual desbande, por cualquier causa, provocada o accidental, hubiera dejado un saldo de cientos de v\u00edctimas aplastadas en las estrechas calles del centro hist\u00f3rico, repletas de vallados, ba\u00f1os port\u00e1tiles e improvisados puestos de venta. A ello debi\u00f3 sumarse el adelantamiento sin motivos de la hora de inicio de los oradores, la brevedad e insustancialidad de los discursos y la repulsa que los mismos generaron en la multitud que rodeaba el escenario, integrada casi exclusivamente por delegaciones de diversos sindicatos, incluidos los de quienes estaban en el palco.<\/p>\n<p>Como ha contado Gabriel Fern\u00e1ndez: <em>\u201cEsto origin\u00f3 desacuerdos a viva voz en los manifestantes: a decir verdad, la mayor parte de los mismos enton\u00f3 \u201c<\/em><strong>Paro General<\/strong><em>\u201d durante todo el acto\u201d.<\/em><\/p>\n<p>Diversos testimonios dan cuenta de que en el propio escenario se produjeron encontronazos, pechazos y conatos de discordia, lo que dej\u00f3 evidenciado que el triunvirato tiene los d\u00edas contados. Como, con inteligencia, ha escrito en Facebook un compa\u00f1ero con el seud\u00f3nimo de <em>Gauchito Gil<\/em>:<\/p>\n<p>\u201cEl problema es que hoy por hoy, las tensiones crecen. Ten\u00e9s sectores como el de Barrionuevo que apoyan al gobierno a muerte, y tambi\u00e9n sectores como el metal\u00fargico que est\u00e1n sufriendo despidos y otros como bancarios que por su poder de fuego y ambici\u00f3n dentro de la CGT tensan la cuerda. La crisis tensiona al movimiento obrero y est\u00e1 c\u00fapula no sabe administrar esa tensi\u00f3n. No tiene el carisma de un Moyano o un Ubaldini, ni el poder de fuego de Moyano, no te ordena la disputa. A eso se le suma que la marcha obviamente suma sectores politicos, tambi\u00e9n sin una clara conducci\u00f3n, que ven en el paro general la posibilidad de la unidad popular toda\u201d.<\/p>\n<p>Lo que se ha logrado, en suma, es una poderosa demostraci\u00f3n de fuerza de los sectores populares ante un gobierno minoritario, cipayo y saqueador del trabajo nacional. Los sectores del movimiento obrero con una clara voluntad de defensa de las conquistas laborales, del trabajo y el bienestar de sus afiliados, entre los que se encuentran seguramente sectores tan estrat\u00e9gicos como la Uni\u00f3n Obrera Metal\u00fargica, la Asociaci\u00f3n Obrera Textil y la Asociaci\u00f3n Bancaria, adem\u00e1s de la combativa Corriente Sindical Federal, saben que cuentan para la obtenci\u00f3n de sus reclamos con un alt\u00edsimo grado de aceptaci\u00f3n social del conjunto de los sectores populares, sindicalizados o no. 500.000 argentinos y argentinas en las calles son una base de operaciones que permiten asegurar que la relaci\u00f3n de fuerzas sociales se ha volcado a favor de los sectores populares.<\/p>\n<p>Se equivocan, no obstante, aquellos que pretendan del movimiento obrero algo m\u00e1s que reivindicaciones gremiales vinculadas al mundo del trabajo. Es cierto, desde una perspectiva metodol\u00f3gica, que es imposible una clase obrera bien paga, con altos niveles de ocupaci\u00f3n y con poder adquisitivo, sin cuestionar la naturaleza misma de las pol\u00edticas que el gobierno lleva adelante, con impunidad y firmeza. Pero es responsabilidad de la pol\u00edtica, de la cual el sindicalismo forma parte, generar una conducci\u00f3n, candidatos y puntos program\u00e1ticos que sean capaces de revertir la derrota electoral del a\u00f1o 2015.<\/p>\n<p>Y en ese sentido, la unidad, tanto del movimiento obrero en su conjunto, como del peronismo y las fuerzas nacionales y populares sigue siendo el eje de cualquier pol\u00edtica que pretenda recuperar la iniciativa popular y generar las condiciones para sacar del poder a la pandilla de empresarios transnacionales que ha ocupado la Casa Rosada.<\/p>\n<p>El movimiento obrero argentino, el m\u00e1s organizado de toda Am\u00e9rica Latina, logr\u00f3, entre otras cosas, gracias a su poderosa estructura y a su capacidad organizativa, una concentraci\u00f3n popular hist\u00f3rica, frente a un gobierno hostil y amenazante. En el seno mismo de ese movimiento obrero y de su unidad, est\u00e1 la respuesta a los interrogantes abiertos.<\/p>\n<p>Los argentinos, una vez m\u00e1s, hemos demostrado que <em>\u201c<\/em><em>no somos empanadas <\/em><em>que s\u00f3lo <\/em><em>se comen <\/em><em>con abrir la boca\u201d<\/em><strong>, <\/strong>como expresara nuestro Libertador. El nuevo a\u00f1o se ha iniciado con un gran triunfo popular en la calle, que consolidaremos en las urnas en las pr\u00f3ximas elecciones. No es momento de triunfalismos ni de recriminaciones. Tampoco es momento de arrebatos ni de cobard\u00edas. Las jornadas que se avecinan ser\u00e1n una poderosa escuela pol\u00edtica para las nuevas generaciones que no han conocido los momentos dif\u00edciles que hemos atravesada en el pasado y en los que los sindicatos, sus dirigentes y militantes, fueron el lugar donde pudimos reconstruir nuestra fuerza y seguir siendo el clavo en el zapato de la Argentina olig\u00e1rquica.<\/p>\n<p style=\"text-align: right;\"><em>Buenos Aires, 8 de marzo de 2017.<\/em><\/p>\n<p>&nbsp;<\/p>\n","protected":false},"excerpt":{"rendered":"<p>Han pasado 24 horas de la masiva convocatoria de la CGT y las CTA, en repudio de las pol\u00edticas econ\u00f3micas y sociales del gobierno. 500.000<\/p>\n","protected":false},"author":3,"featured_media":457,"comment_status":"open","ping_status":"open","sticky":false,"template":"","format":"standard","meta":{"_mi_skip_tracking":false},"categories":[34],"tags":[],"_links":{"self":[{"href":"https:\/\/www.institutoindependencia.com.ar\/index.php?rest_route=\/wp\/v2\/posts\/456"}],"collection":[{"href":"https:\/\/www.institutoindependencia.com.ar\/index.php?rest_route=\/wp\/v2\/posts"}],"about":[{"href":"https:\/\/www.institutoindependencia.com.ar\/index.php?rest_route=\/wp\/v2\/types\/post"}],"author":[{"embeddable":true,"href":"https:\/\/www.institutoindependencia.com.ar\/index.php?rest_route=\/wp\/v2\/users\/3"}],"replies":[{"embeddable":true,"href":"https:\/\/www.institutoindependencia.com.ar\/index.php?rest_route=%2Fwp%2Fv2%2Fcomments&post=456"}],"version-history":[{"count":1,"href":"https:\/\/www.institutoindependencia.com.ar\/index.php?rest_route=\/wp\/v2\/posts\/456\/revisions"}],"predecessor-version":[{"id":458,"href":"https:\/\/www.institutoindependencia.com.ar\/index.php?rest_route=\/wp\/v2\/posts\/456\/revisions\/458"}],"wp:featuredmedia":[{"embeddable":true,"href":"https:\/\/www.institutoindependencia.com.ar\/index.php?rest_route=\/wp\/v2\/media\/457"}],"wp:attachment":[{"href":"https:\/\/www.institutoindependencia.com.ar\/index.php?rest_route=%2Fwp%2Fv2%2Fmedia&parent=456"}],"wp:term":[{"taxonomy":"category","embeddable":true,"href":"https:\/\/www.institutoindependencia.com.ar\/index.php?rest_route=%2Fwp%2Fv2%2Fcategories&post=456"},{"taxonomy":"post_tag","embeddable":true,"href":"https:\/\/www.institutoindependencia.com.ar\/index.php?rest_route=%2Fwp%2Fv2%2Ftags&post=456"}],"curies":[{"name":"wp","href":"https:\/\/api.w.org\/{rel}","templated":true}]}}