{"id":460,"date":"2017-03-17T04:42:51","date_gmt":"2017-03-17T01:42:51","guid":{"rendered":"http:\/\/www.independenciaideas.com.ar\/?p=460"},"modified":"2020-04-08T20:34:39","modified_gmt":"2020-04-08T17:34:39","slug":"reunion-del-consejo-asesor-del-instituto-independencia","status":"publish","type":"post","link":"https:\/\/www.institutoindependencia.com.ar\/?p=460","title":{"rendered":"Reuni\u00f3n del consejo asesor del Instituto Independencia"},"content":{"rendered":"<p>Hoy, se reuni\u00f3 el Consejo Asesor del Instituto Independencia. Con la presencia de su presidenta Daniela Bambill, el Director Ejecutivo Julio Fern\u00e1ndez Baraibar y los consejeros Roberto Feletti, Antonio Mu\u00f1iz y Carlos Rodriguez; a los que se incorpor\u00f3 el doctor Ricardo Echegaray.<\/p>\n<p>El Consejo pas\u00f3 revista a la situaci\u00f3n nacional, poniendo especial \u00e9nfasis en la coyuntura econ\u00f3mica y social.<br \/>\nEl Contador Feletti dio un breve informe sobre la oscura perspectiva econ\u00f3mica que se cierne sobre el pa\u00eds, a la vez que se inform\u00f3 sobre la situaci\u00f3n social en los distintos distritos del conurbano bonaerense.<br \/>\nTambi\u00e9n se analiz\u00f3 el rumbo del peronismo en la provincia de Buenos Aires y los guarismos de las distintas encuestas de opini\u00f3n que han llegado a la mesa de trabajo del Instituto.<br \/>\nFinalmente, fue sometida a consideraci\u00f3n una agenda de actividades en la provincia de Buenos Aires para los pr\u00f3ximos tres meses.<\/p>\n<p>&nbsp;<\/p>\n","protected":false},"excerpt":{"rendered":"<p>Hoy, se reuni\u00f3 el Consejo Asesor del Instituto Independencia. Con la presencia de su presidenta Daniela Bambill, el Director Ejecutivo Julio Fern\u00e1ndez Baraibar y los<\/p>\n","protected":false},"author":3,"featured_media":461,"comment_status":"open","ping_status":"open","sticky":false,"template":"","format":"standard","meta":{"_mi_skip_tracking":false},"categories":[46],"tags":[],"_links":{"self":[{"href":"https:\/\/www.institutoindependencia.com.ar\/index.php?rest_route=\/wp\/v2\/posts\/460"}],"collection":[{"href":"https:\/\/www.institutoindependencia.com.ar\/index.php?rest_route=\/wp\/v2\/posts"}],"about":[{"href":"https:\/\/www.institutoindependencia.com.ar\/index.php?rest_route=\/wp\/v2\/types\/post"}],"author":[{"embeddable":true,"href":"https:\/\/www.institutoindependencia.com.ar\/index.php?rest_route=\/wp\/v2\/users\/3"}],"replies":[{"embeddable":true,"href":"https:\/\/www.institutoindependencia.com.ar\/index.php?rest_route=%2Fwp%2Fv2%2Fcomments&post=460"}],"version-history":[{"count":1,"href":"https:\/\/www.institutoindependencia.com.ar\/index.php?rest_route=\/wp\/v2\/posts\/460\/revisions"}],"predecessor-version":[{"id":462,"href":"https:\/\/www.institutoindependencia.com.ar\/index.php?rest_route=\/wp\/v2\/posts\/460\/revisions\/462"}],"wp:featuredmedia":[{"embeddable":true,"href":"https:\/\/www.institutoindependencia.com.ar\/index.php?rest_route=\/wp\/v2\/media\/461"}],"wp:attachment":[{"href":"https:\/\/www.institutoindependencia.com.ar\/index.php?rest_route=%2Fwp%2Fv2%2Fmedia&parent=460"}],"wp:term":[{"taxonomy":"category","embeddable":true,"href":"https:\/\/www.institutoindependencia.com.ar\/index.php?rest_route=%2Fwp%2Fv2%2Fcategories&post=460"},{"taxonomy":"post_tag","embeddable":true,"href":"https:\/\/www.institutoindependencia.com.ar\/index.php?rest_route=%2Fwp%2Fv2%2Ftags&post=460"}],"curies":[{"name":"wp","href":"https:\/\/api.w.org\/{rel}","templated":true}]}}