{"id":464,"date":"2017-03-17T23:53:31","date_gmt":"2017-03-17T20:53:31","guid":{"rendered":"http:\/\/www.independenciaideas.com.ar\/?p=464"},"modified":"2020-04-08T20:33:50","modified_gmt":"2020-04-08T17:33:50","slug":"la-mesa-multisectorial-de-juventudes-adhiere-a-la-lucha-contra-los-despidos-en-el-ministerio-de-produccion","status":"publish","type":"post","link":"https:\/\/www.institutoindependencia.com.ar\/?p=464","title":{"rendered":"La Mesa multisectorial de juventudes adhiere a la lucha contra los despidos en el Ministerio de Producci\u00f3n"},"content":{"rendered":"<p>Dos despidos ilegales ocurrieron en el Ministerio de Producci\u00f3n durante el mes de marzo. Ambos violatorios de las tutelas sindicales consagradas en los art\u00edculos 47, 48 y 52 de la Ley 23.551 de Asociaciones Profesionales, se producen en momentos en que la conflictividad social en el pa\u00eds est\u00e1 en su punto m\u00e1s \u00e1lgido desde la llegada al gobierno nacional de Mauricio Macri y que la lucha de los trabajadores y trabajadoras se ha hecho visible en las tres movilizaciones importantes que han sucedido en las \u00faltimas semanas. Mientras tanto los medios de comunicaci\u00f3n que funcionan como comunicadores oficiales del gobierno tapan la realidad de la conflictividad social con maniobras de excesiva preocupaci\u00f3n ante supuestos problemas en el recital del Indio Solari. Cuando miles de argentinos y argentinas siguen siendo despedidos, cada vez mas familias se encuentran fuera del mercado de trabajo y por debajo de la l\u00ednea de pobreza, un ejemplo es el consumo de leche el cual baj\u00f3 un 8% durante el a\u00f1o pasado. Los ni\u00f1os y ni\u00f1as en nuestro pa\u00eds est\u00e1n consumiendo menos leche. Estos son los verdaderos problemas que aquejan a los j\u00f3venes.<\/p>\n<p>En lunes pasado despidieron a la Dra. Julieta P\u00e9rez Lavall\u00e9n, delegada de la Junta Interna del Ministerio de Producci\u00f3n, quien se desempe\u00f1aba en el \u00e1rea de COPREC, dependiente de la Direcci\u00f3n Nacional de Defensa del Consumidor, de la Secretar\u00eda de Comercio conducida por Miguel Braun, con m\u00e1s de doce a\u00f1os de antig\u00fcedad y varios mandatos como delegada de ATE. Este despido se sum\u00f3 al de Marina Bruzera, tambi\u00e9n delegada electa, quien fue impedida de ingresar a su lugar de trabajo el d\u00eda 2 de marzo. Bruzera se encontraba adem\u00e1s bajo licencia psiqui\u00e1trica con jornada reducida, y en el momento de su despido hab\u00eda concurrido al organismo para presentar certificados m\u00e9dicos y solicitar autorizaci\u00f3n para la extensi\u00f3n de su jornada a 6 horas diarias.<\/p>\n<p>Estos despidos se dan en el marco de una persecuci\u00f3n gremial, en un Ministerio en el cual durante el 2016 se despidieron a mas de 500 trabajadores y trabajadoras. En ese contexto de conflictividad se busca disciplinar a lxs trabajadores que se muestran m\u00e1s combativos ante las pol\u00edticas de ajuste y antisindicales. Los responsables de estas maniobras son al Director Nacional de Defensa del Consumidor, Fernando Blanco Mui\u00f1o, el Subsecretario de Coordinaci\u00f3n Administrativa, Rodrigo Sbarra, al Secretario de Comercio, Miguel Braun y al Ministro de Producci\u00f3n, Francisco Cabrera.<\/p>\n<p>Las organizaciones integrantes de la Mesa Multisectorial de Juventudes del Instituto Independencia nos sumamos al pedido de la inmediata reincorporaci\u00f3n de las delegadas despedidas, as\u00ed como al reclamo del cambio necesario en el modelo econ\u00f3mico de ajuste que reprime econ\u00f3micamente a las grandes mayor\u00edas.<\/p>\n<p>Ni una trabajadora menos.<\/p>\n<p>Mesa de juventudes del Instituto Independencia<\/p>\n","protected":false},"excerpt":{"rendered":"<p>Dos despidos ilegales ocurrieron en el Ministerio de Producci\u00f3n durante el mes de marzo. Ambos violatorios de las tutelas sindicales consagradas en los art\u00edculos 47,<\/p>\n","protected":false},"author":6,"featured_media":466,"comment_status":"open","ping_status":"open","sticky":false,"template":"","format":"standard","meta":{"_mi_skip_tracking":false},"categories":[47],"tags":[28],"_links":{"self":[{"href":"https:\/\/www.institutoindependencia.com.ar\/index.php?rest_route=\/wp\/v2\/posts\/464"}],"collection":[{"href":"https:\/\/www.institutoindependencia.com.ar\/index.php?rest_route=\/wp\/v2\/posts"}],"about":[{"href":"https:\/\/www.institutoindependencia.com.ar\/index.php?rest_route=\/wp\/v2\/types\/post"}],"author":[{"embeddable":true,"href":"https:\/\/www.institutoindependencia.com.ar\/index.php?rest_route=\/wp\/v2\/users\/6"}],"replies":[{"embeddable":true,"href":"https:\/\/www.institutoindependencia.com.ar\/index.php?rest_route=%2Fwp%2Fv2%2Fcomments&post=464"}],"version-history":[{"count":2,"href":"https:\/\/www.institutoindependencia.com.ar\/index.php?rest_route=\/wp\/v2\/posts\/464\/revisions"}],"predecessor-version":[{"id":468,"href":"https:\/\/www.institutoindependencia.com.ar\/index.php?rest_route=\/wp\/v2\/posts\/464\/revisions\/468"}],"wp:featuredmedia":[{"embeddable":true,"href":"https:\/\/www.institutoindependencia.com.ar\/index.php?rest_route=\/wp\/v2\/media\/466"}],"wp:attachment":[{"href":"https:\/\/www.institutoindependencia.com.ar\/index.php?rest_route=%2Fwp%2Fv2%2Fmedia&parent=464"}],"wp:term":[{"taxonomy":"category","embeddable":true,"href":"https:\/\/www.institutoindependencia.com.ar\/index.php?rest_route=%2Fwp%2Fv2%2Fcategories&post=464"},{"taxonomy":"post_tag","embeddable":true,"href":"https:\/\/www.institutoindependencia.com.ar\/index.php?rest_route=%2Fwp%2Fv2%2Ftags&post=464"}],"curies":[{"name":"wp","href":"https:\/\/api.w.org\/{rel}","templated":true}]}}