{"id":470,"date":"2017-03-21T22:40:21","date_gmt":"2017-03-21T19:40:21","guid":{"rendered":"http:\/\/www.independenciaideas.com.ar\/?p=470"},"modified":"2020-04-08T20:32:58","modified_gmt":"2020-04-08T17:32:58","slug":"caer-en-la-escuela-publica","status":"publish","type":"post","link":"https:\/\/www.institutoindependencia.com.ar\/?p=470","title":{"rendered":"Caer en la escuela p\u00fablica"},"content":{"rendered":"<p><em>Por Daniela Bambill, presidenta del Instituto Independencia<\/em><\/p>\n<p>El Presidente de la Naci\u00f3n ha presentado en conferencia de prensa los resultados de un \u201ccenso\u201d disfrazado de evaluaci\u00f3n de contenidos, el \u201cAprender\u201d con su correlato en \u201cproyecto de ley\u201d para implementar un \u201cPlan Maestro\u201d y generar la \u201crevoluci\u00f3n educativa\u201d.<\/p>\n<p>Mientras las calles se llenan de guardapolvos blancos en todo el pa\u00eds con la Marcha Federal, Macri recurre una vez m\u00e1s al marketing y apelando al m\u00e1s b\u00e1sico sentido com\u00fan rancio y despectivo anuncia con \u201cdolor\u201d\u00a0 \u00abla terrible inequidad entre aquel que puede ir a una escuela privada versus aquel que tiene que caer en la escuela p\u00fablica\u00bb, textualmente el Presidente de la Naci\u00f3n desprecia a la Escuela P\u00fablica.<\/p>\n<p>El\u00a0 Gobierno Nacional no ha convocado a la Paritaria Nacional Docente y a partir del incumplimiento de la Ley ha generado el, tal vez, conflicto gremial m\u00e1s duro de los \u00faltimos a\u00f1os. Sus funcionarios y legisladores argumentan en cuanto micr\u00f3fono tienen delante que el Ministerio de Educaci\u00f3n de la Naci\u00f3n no tiene escuelas\u00a0 y que la responsabilidad de \u201cpagar sueldos es de las Provincias\u201d.\u00a0 No es novedad que la administraci\u00f3n Macri se deslinde de responsabilidades, es lo que mejor hace desde que asumieron.<\/p>\n<p>En el \u201cconflicto docente\u201d el argumento falaz que utilizan pareciera que garantizar la Educaci\u00f3n P\u00fablica recae solo en los maestros y profesores, si hay clases es un logro del gobierno, si hay paro es un capricho de los gremios.<\/p>\n<p>Con este perverso devenir de situaciones sin resolver, adonde el discurso alejado de la realidad y los anuncios carentes de contenido concreto, Macri y sus funcionarios van \u201csurfeando\u201d el tiempo, a m\u00e1s de un cuarto de gesti\u00f3n gubernamental no han resuelto ning\u00fan tema trascendente para los argentinos, es m\u00e1s, han destruido los pilares que sustentaron el funcionamiento del pa\u00eds estos \u00faltimos doce a\u00f1os.<\/p>\n<p>No hay improvisaci\u00f3n alguna en su accionar, mucho menos en sus declaraciones, \u201ccaer en la escuela p\u00fablica\u201d no es una frase infortunada, es la explicitaci\u00f3n de una ideolog\u00eda en la cual el Estado debe ser lo m\u00e1s peque\u00f1o posible y remitirse a gerenciar intereses for\u00e1neos.<\/p>\n<p>La conflictividad social crece a pasos agigantados, la dirigencia sindical m\u00e1s cercana al Gobierno ha torcido su brazo a manos de las bases, la desindustrializaci\u00f3n, la apertura de importaciones, el desempleo, los negociados escandalosos que ya no pueden taparse con operaciones medi\u00e1ticas, los movimientos sociales en las calles, y los docentes como faro de lucha constituyen la foto de hoy. La pel\u00edcula conocida y en sepia no augura un buen final.<\/p>\n<p>Caer en la escuela p\u00fablica, dice el Presidente que no ha conocido un aula con olor a tiza y querosene, caer en la Escuela p\u00fablica, dice el Presidente que jam\u00e1s sinti\u00f3 el mate cocido como aliciente de un hambre at\u00e1vico que se empe\u00f1a en volver, caer en la Escuela P\u00fablica, dice el gerente de multinacionales con dificultad para pronunciar el castellano rioplatense, caer en la escuela p\u00fablica, dice mientras su impericia y su indolencia generan la ca\u00edda de las esperanzas y el crecimiento de la Patria\u2026<\/p>\n<p>Alguien deber\u00eda advertirle al Presidente de la Naci\u00f3n que quienes hemos estudiado y ejercido la\u00a0 docencia en la Escuela P\u00fablica la defendemos como a la \u00faltima trinchera\u2026<\/p>\n<p>Alguien deber\u00eda advertirle al Presidente que las preposiciones gramaticales no son un ejemplo de sinonimia, no es lo mismo \u201ccaer EN la Escuela P\u00fablica\u201d que caer POR la Escuela P\u00fablica\u201d\u2026<\/p>\n<p>Sepa, Ud, lector que quien escribe defiende la Democracia y las Instituciones con el mismo \u00e9nfasis que a la Escuela P\u00fablica, pero hubo un hombre que advirti\u00f3 alguna vez que el Pueblo cansado hace sonar el escarmiento.<\/p>\n","protected":false},"excerpt":{"rendered":"<p>Por Daniela Bambill, presidenta del Instituto Independencia El Presidente de la Naci\u00f3n ha presentado en conferencia de prensa los resultados de un \u201ccenso\u201d disfrazado de<\/p>\n","protected":false},"author":3,"featured_media":471,"comment_status":"open","ping_status":"open","sticky":false,"template":"","format":"standard","meta":{"_mi_skip_tracking":false},"categories":[34],"tags":[],"_links":{"self":[{"href":"https:\/\/www.institutoindependencia.com.ar\/index.php?rest_route=\/wp\/v2\/posts\/470"}],"collection":[{"href":"https:\/\/www.institutoindependencia.com.ar\/index.php?rest_route=\/wp\/v2\/posts"}],"about":[{"href":"https:\/\/www.institutoindependencia.com.ar\/index.php?rest_route=\/wp\/v2\/types\/post"}],"author":[{"embeddable":true,"href":"https:\/\/www.institutoindependencia.com.ar\/index.php?rest_route=\/wp\/v2\/users\/3"}],"replies":[{"embeddable":true,"href":"https:\/\/www.institutoindependencia.com.ar\/index.php?rest_route=%2Fwp%2Fv2%2Fcomments&post=470"}],"version-history":[{"count":1,"href":"https:\/\/www.institutoindependencia.com.ar\/index.php?rest_route=\/wp\/v2\/posts\/470\/revisions"}],"predecessor-version":[{"id":472,"href":"https:\/\/www.institutoindependencia.com.ar\/index.php?rest_route=\/wp\/v2\/posts\/470\/revisions\/472"}],"wp:featuredmedia":[{"embeddable":true,"href":"https:\/\/www.institutoindependencia.com.ar\/index.php?rest_route=\/wp\/v2\/media\/471"}],"wp:attachment":[{"href":"https:\/\/www.institutoindependencia.com.ar\/index.php?rest_route=%2Fwp%2Fv2%2Fmedia&parent=470"}],"wp:term":[{"taxonomy":"category","embeddable":true,"href":"https:\/\/www.institutoindependencia.com.ar\/index.php?rest_route=%2Fwp%2Fv2%2Fcategories&post=470"},{"taxonomy":"post_tag","embeddable":true,"href":"https:\/\/www.institutoindependencia.com.ar\/index.php?rest_route=%2Fwp%2Fv2%2Ftags&post=470"}],"curies":[{"name":"wp","href":"https:\/\/api.w.org\/{rel}","templated":true}]}}