{"id":720,"date":"2018-03-16T18:36:04","date_gmt":"2018-03-16T15:36:04","guid":{"rendered":"http:\/\/www.independenciaideas.com\/?p=720"},"modified":"2020-04-08T02:24:39","modified_gmt":"2020-04-07T23:24:39","slug":"repudio-frente-al-asesinato-de-marielle-franco-a-manos-del-regimen-de-temer","status":"publish","type":"post","link":"https:\/\/www.institutoindependencia.com.ar\/?p=720","title":{"rendered":"Repudio frente al asesinato de Marielle Franco a manos del r\u00e9gimen de Temer"},"content":{"rendered":"<p>El Instituto Independencia manifiesta su repudio absoluto frente al asesinato de Marielle Franco a manos del r\u00e9gimen de Temer en Brasil. Entendemos que no es un hecho aislado en la Regi\u00f3n.<br \/>\nLa violencia institucional que emana de la militarizaci\u00f3n de las grandes ciudades en funci\u00f3n de acallar las voces de quienes luchan por la Justicia Social en toda Am\u00e9rica Latina no es casualidad.<br \/>\nLa derecha ha sido brutal hist\u00f3ricamente y esto no constituye dogma sino evidencia emp\u00edrica.<br \/>\nBrasil hoy est\u00e1 sitiada por el terror necesario para sostener\u00a0 la sinraz\u00f3n de la persecuci\u00f3n pol\u00edtica a Inacio Lula Da Silva, la vida no vale m\u00e1s que el precio de una bala pareciera ser la consigna.<br \/>\nEs ensordecedor el silencio del Gobierno Argentino frente al asesinato de la dirigente de R\u00edo de Janeiro.<br \/>\nAqu\u00ed el precio de la vida es el mismo, lo hemos comprobado en estos 24 meses con demasiadas muertes a lo largo y ancho del pa\u00eds.<br \/>\nEl silencio de Macri aturde, la Regi\u00f3n est\u00e1 entrando en una espiral oscura que pareciera no tener otro destino que la oscuridad an\u00e1loga al Plan C\u00f3ndor.<br \/>\nEs de esperar que los Pueblos reacciones antes que sea demasiado tarde.<br \/>\nEl Poder F\u00e1ctico Internacional ha desplegado sus garras. El desenlace es impredecible.<br \/>\nBrasil llora a Marielle, Am\u00e9rica toda llora. Esas l\u00e1grimas deben convertirse es lucha, nuestros pueblos deben unirse en el camino a la liberaci\u00f3n, es tiempo de acci\u00f3n.<\/p>\n<p style=\"text-align: right;\"><em>Daniela Bambill-\u00a0 Julio Fern\u00e1ndez Baraibar<\/em><\/p>\n","protected":false},"excerpt":{"rendered":"<p>El Instituto Independencia manifiesta su repudio absoluto frente al asesinato de Marielle Franco a manos del r\u00e9gimen de Temer en Brasil. Entendemos que no es<\/p>\n","protected":false},"author":6,"featured_media":721,"comment_status":"open","ping_status":"open","sticky":false,"template":"","format":"standard","meta":{"_mi_skip_tracking":false},"categories":[47,45],"tags":[],"_links":{"self":[{"href":"https:\/\/www.institutoindependencia.com.ar\/index.php?rest_route=\/wp\/v2\/posts\/720"}],"collection":[{"href":"https:\/\/www.institutoindependencia.com.ar\/index.php?rest_route=\/wp\/v2\/posts"}],"about":[{"href":"https:\/\/www.institutoindependencia.com.ar\/index.php?rest_route=\/wp\/v2\/types\/post"}],"author":[{"embeddable":true,"href":"https:\/\/www.institutoindependencia.com.ar\/index.php?rest_route=\/wp\/v2\/users\/6"}],"replies":[{"embeddable":true,"href":"https:\/\/www.institutoindependencia.com.ar\/index.php?rest_route=%2Fwp%2Fv2%2Fcomments&post=720"}],"version-history":[{"count":2,"href":"https:\/\/www.institutoindependencia.com.ar\/index.php?rest_route=\/wp\/v2\/posts\/720\/revisions"}],"predecessor-version":[{"id":1173,"href":"https:\/\/www.institutoindependencia.com.ar\/index.php?rest_route=\/wp\/v2\/posts\/720\/revisions\/1173"}],"wp:featuredmedia":[{"embeddable":true,"href":"https:\/\/www.institutoindependencia.com.ar\/index.php?rest_route=\/wp\/v2\/media\/721"}],"wp:attachment":[{"href":"https:\/\/www.institutoindependencia.com.ar\/index.php?rest_route=%2Fwp%2Fv2%2Fmedia&parent=720"}],"wp:term":[{"taxonomy":"category","embeddable":true,"href":"https:\/\/www.institutoindependencia.com.ar\/index.php?rest_route=%2Fwp%2Fv2%2Fcategories&post=720"},{"taxonomy":"post_tag","embeddable":true,"href":"https:\/\/www.institutoindependencia.com.ar\/index.php?rest_route=%2Fwp%2Fv2%2Ftags&post=720"}],"curies":[{"name":"wp","href":"https:\/\/api.w.org\/{rel}","templated":true}]}}