{"id":736,"date":"2018-04-05T03:44:38","date_gmt":"2018-04-05T00:44:38","guid":{"rendered":"http:\/\/www.independenciaideas.com\/?p=736"},"modified":"2020-04-08T02:23:59","modified_gmt":"2020-04-07T23:23:59","slug":"el-ombu-de-lula","status":"publish","type":"post","link":"https:\/\/www.institutoindependencia.com.ar\/?p=736","title":{"rendered":"El Omb\u00fa de Lula"},"content":{"rendered":"<div lang=\"es-AR\" align=\"CENTER\"><\/div>\n<div lang=\"es-AR\" align=\"JUSTIFY\"><i>Cuando las circunstancias no est\u00e1n garantizadas, lo mejor es esperar, resistir, transformar el tiempo en aliado. Jam\u00e1s descender del omb\u00fa antes de hora.<\/i><\/div>\n<div lang=\"es-AR\" align=\"JUSTIFY\"><\/div>\n<div align=\"JUSTIFY\"><span lang=\"es-AR\">Getulio Vargas<\/span><\/div>\n<div class=\"separator\"><a href=\"https:\/\/pbs.twimg.com\/media\/DaDg1x0W4AIu5SR.jpg\"><img loading=\"lazy\" src=\"https:\/\/pbs.twimg.com\/media\/DaDg1x0W4AIu5SR.jpg\" width=\"280\" height=\"285\" border=\"0\" data-original-height=\"426\" data-original-width=\"419\" \/><\/a><\/div>\n<div align=\"CENTER\"><\/div>\n<div align=\"CENTER\"><\/div>\n<div align=\"CENTER\"><span lang=\"es-AR\">Fueron siglos de luchas y pasiones<\/span><\/div>\n<div align=\"CENTER\"><span lang=\"es-AR\">que no olvidar\u00e1n los hijos de nuestros<\/span><\/div>\n<div align=\"CENTER\"><span lang=\"es-AR\">hijos ni los hijos que de ellos vengan.<\/span><\/div>\n<div align=\"CENTER\"><span lang=\"es-AR\">Espectros nobles y heroico de Ganga Zumba y el gran Zumbi,<\/span><\/div>\n<div align=\"CENTER\"><span lang=\"es-AR\">de Mar\u00eda Quiteria de Jes\u00fas disfrazada de soldado Medeiros.<\/span><\/div>\n<div align=\"CENTER\"><span lang=\"es-AR\">de Antonio, el consejero de Canudos<\/span><\/div>\n<div align=\"CENTER\"><span lang=\"es-AR\">enfrentados en lucha eterna con los espectros despreciables<\/span><\/div>\n<div align=\"CENTER\"><span lang=\"es-AR\">del sangriente bandeirante,<\/span><\/div>\n<div align=\"CENTER\"><span lang=\"es-AR\">del miserable mercader de yorub\u00e1s y congos,<\/span><\/div>\n<div align=\"CENTER\"><span lang=\"es-AR\">del fiero violador nocturno en la zenzala.<\/span><\/div>\n<div align=\"CENTER\"><span lang=\"es-AR\">Fantasmas abismales de empolvados doctores mas\u00f3nicos,<\/span><\/div>\n<div align=\"CENTER\"><span lang=\"es-AR\">de violentos coroneles fazendeiros<\/span><\/div>\n<div align=\"CENTER\"><span lang=\"es-AR\">que, con Comte en una mano y el l\u00e1tigo en la otra,<\/span><\/div>\n<div align=\"CENTER\"><span lang=\"es-AR\">pretendieron con soberbia de terratenientes<\/span><\/div>\n<div align=\"CENTER\"><span lang=\"es-AR\">construir\u00a0<\/span><span lang=\"es-AR\"><i>A Civiliza\u00e7\u00e3o Brasileira,<\/i><\/span><\/div>\n<div align=\"CENTER\"><span lang=\"es-AR\">ese imperio y esa rep\u00fablica europea<\/span><\/div>\n<div align=\"CENTER\"><span lang=\"es-AR\">en el medio de un continente de tucanes, pel\u00edcanos, orqu\u00eddeas<\/span><\/div>\n<div align=\"CENTER\"><span lang=\"es-AR\">magnolias gigantescas, ara\u00f1as como pu\u00f1os, prodigiosas anacondas,<\/span><\/div>\n<div align=\"CENTER\"><span lang=\"es-AR\">un reino donde la sangre blanca de la h<\/span><span lang=\"es-AR\">evea brasiliensis<\/span><\/div>\n<div align=\"CENTER\"><span lang=\"es-AR\">extra\u00edda a tajo de machete le puso ruedas a Henry Ford,<\/span><\/div>\n<div align=\"CENTER\"><span lang=\"es-AR\">y el amargo grano que crece bajo el sol de Capricornio<\/span><\/div>\n<div align=\"CENTER\"><span lang=\"es-AR\">le puso desayuno al breakfast de huevo y tocino de Arkansas y New Jersey<\/span><\/div>\n<div align=\"CENTER\"><span lang=\"es-AR\">Todos ellos se han despertado esta noche<\/span><\/div>\n<div align=\"CENTER\"><span lang=\"es-AR\">porque saben que esa lucha que empezaron hace quinientos a\u00f1os<\/span><\/div>\n<div align=\"CENTER\"><span lang=\"es-AR\">vuelve a repetirse con la pertinacia de una neurosis,<\/span><\/div>\n<div align=\"CENTER\"><span lang=\"es-AR\">con el ritmo preciso de una obsesi\u00f3n,<\/span><\/div>\n<div align=\"CENTER\"><span lang=\"es-AR\">con la obstinada insistencia de las nueva quilombolas,<\/span><\/div>\n<div align=\"CENTER\"><span lang=\"es-AR\">de los iluminados en los que han vuelto a manifestarse<\/span><\/div>\n<div align=\"CENTER\"><span lang=\"es-AR\">los dioses del Olimpo africano,<\/span><\/div>\n<div align=\"CENTER\"><span lang=\"es-AR\">los viejos orix\u00e1s que hoy habitan tus ciudades gigantescas<\/span><\/div>\n<div align=\"CENTER\"><span lang=\"es-AR\">con la misma presencia con que en Benin, en Angola, en la tierra de Oxum<\/span><\/div>\n<div align=\"CENTER\"><span lang=\"es-AR\">signaban la vida de esos hombres y mujeres que lograron<\/span><\/div>\n<div align=\"CENTER\"><span lang=\"es-AR\">soportar las cadenas, el l\u00e1tigo, la sentina y el olor a carne humana dolorida.<\/span><\/div>\n<div align=\"CENTER\"><span lang=\"es-AR\">La tierra de los bandeirantes vuelve a ser el centro de la tierra.<\/span><\/div>\n<div align=\"CENTER\"><span lang=\"es-AR\">Intentar\u00e1n engayolar a Lula<\/span><\/div>\n<div align=\"CENTER\"><span lang=\"es-AR\">enlular\u00e1n la gayola,<\/span><\/div>\n<div align=\"CENTER\"><span lang=\"es-AR\">para que la historia vuelva a repetirse.<\/span><\/div>\n<div align=\"CENTER\"><span lang=\"es-AR\">El sereno ganadero ga\u00facho, el del tiro en el coraz\u00f3n<\/span><\/div>\n<div align=\"CENTER\"><span lang=\"es-AR\">y la carta que abri\u00f3 un tajo en la conciencia,<\/span><\/div>\n<div align=\"CENTER\"><span lang=\"es-AR\">lo dijo cuando ven\u00edan a buscarlo.<\/span><\/div>\n<div align=\"CENTER\"><span lang=\"es-AR\">Ten\u00eda, es cierto, una estancia y una aldea que era su fortaleza.<\/span><\/div>\n<div align=\"CENTER\"><span lang=\"es-AR\">Este pernambucano del carajo no tiene una aldea,<\/span><\/div>\n<div align=\"CENTER\"><span lang=\"es-AR\">tiene una clase, cuatrocientos a\u00f1os de injusticia<\/span><\/div>\n<div align=\"CENTER\"><span lang=\"es-AR\">y una pelea ganada contra el hambre de millones,<\/span><\/div>\n<div align=\"CENTER\"><span lang=\"es-AR\">contra ese mapa que dibujo Josu\u00e9 de Castro, su compatriota.<\/span><\/div>\n<div align=\"CENTER\"><span lang=\"es-AR\">Que no se baje del omb\u00fa antes de tiempo,<\/span><\/div>\n<div align=\"CENTER\"><span lang=\"es-AR\">que el tiempo sea su aliado<\/span><\/div>\n<div align=\"CENTER\"><span lang=\"es-AR\">junto con los brazos, el coraz\u00f3n y el cerebro de sus millones de amigos.<\/span><\/div>\n<div align=\"CENTER\"><span lang=\"es-AR\">Ese pueblo que ha aguantado quinientos a\u00f1os<\/span><\/div>\n<div align=\"CENTER\"><span lang=\"es-AR\">rezando a sus dioses, creyendo en sus santos, llenando de m\u00fasica<\/span><\/div>\n<div align=\"CENTER\"><span lang=\"es-AR\">al mundo entero<\/span><\/div>\n<div align=\"CENTER\"><span lang=\"es-AR\">sabe que las injusticias<\/span><\/div>\n<div align=\"CENTER\"><span lang=\"es-AR\">siempre,<\/span><\/div>\n<div align=\"CENTER\"><span lang=\"es-AR\">siempre,<\/span><\/div>\n<div align=\"CENTER\"><span lang=\"es-AR\">siempre<\/span><\/div>\n<div align=\"CENTER\"><span lang=\"es-AR\">se pagan.<\/span><\/div>\n<div align=\"CENTER\"><span lang=\"es-AR\">\u00a0<\/span><\/div>\n<div align=\"LEFT\"><span lang=\"es-AR\">Buenos Aires, 5 de abril de 2018<\/span><\/div>\n","protected":false},"excerpt":{"rendered":"<p>Cuando las circunstancias no est\u00e1n garantizadas, lo mejor es esperar, resistir, transformar el tiempo en aliado. Jam\u00e1s descender del omb\u00fa antes de hora. Getulio Vargas<\/p>\n","protected":false},"author":6,"featured_media":0,"comment_status":"open","ping_status":"open","sticky":false,"template":"","format":"standard","meta":{"_mi_skip_tracking":false},"categories":[45],"tags":[],"_links":{"self":[{"href":"https:\/\/www.institutoindependencia.com.ar\/index.php?rest_route=\/wp\/v2\/posts\/736"}],"collection":[{"href":"https:\/\/www.institutoindependencia.com.ar\/index.php?rest_route=\/wp\/v2\/posts"}],"about":[{"href":"https:\/\/www.institutoindependencia.com.ar\/index.php?rest_route=\/wp\/v2\/types\/post"}],"author":[{"embeddable":true,"href":"https:\/\/www.institutoindependencia.com.ar\/index.php?rest_route=\/wp\/v2\/users\/6"}],"replies":[{"embeddable":true,"href":"https:\/\/www.institutoindependencia.com.ar\/index.php?rest_route=%2Fwp%2Fv2%2Fcomments&post=736"}],"version-history":[{"count":2,"href":"https:\/\/www.institutoindependencia.com.ar\/index.php?rest_route=\/wp\/v2\/posts\/736\/revisions"}],"predecessor-version":[{"id":743,"href":"https:\/\/www.institutoindependencia.com.ar\/index.php?rest_route=\/wp\/v2\/posts\/736\/revisions\/743"}],"wp:attachment":[{"href":"https:\/\/www.institutoindependencia.com.ar\/index.php?rest_route=%2Fwp%2Fv2%2Fmedia&parent=736"}],"wp:term":[{"taxonomy":"category","embeddable":true,"href":"https:\/\/www.institutoindependencia.com.ar\/index.php?rest_route=%2Fwp%2Fv2%2Fcategories&post=736"},{"taxonomy":"post_tag","embeddable":true,"href":"https:\/\/www.institutoindependencia.com.ar\/index.php?rest_route=%2Fwp%2Fv2%2Ftags&post=736"}],"curies":[{"name":"wp","href":"https:\/\/api.w.org\/{rel}","templated":true}]}}